{"id":49541,"date":"2012-04-08T21:41:00","date_gmt":"2012-04-08T21:41:00","guid":{"rendered":"https:\/\/michelbaljet.com\/?p=49541"},"modified":"2023-07-18T08:31:27","modified_gmt":"2023-07-18T08:31:27","slug":"als-auf-dem-rucken-unserer-toten-schwestern","status":"publish","type":"post","link":"https:\/\/michelbaljet.com\/de\/als-auf-dem-rucken-unserer-toten-schwestern\/","title":{"rendered":"Dann nur auf dem R\u00fccken unserer toten Schwestern?"},"content":{"rendered":"<p><em>Das Kollegium der B\u00fcrgermeister und Sch\u00f6ffen von Breda reagiert w\u00fctend auf die neuen Pl\u00e4ne von HERMON BV. Aber Moment mal, ist das ethisch korrekt?<\/em><br><\/p>\n\n\n\n<p>\"Das Gel\u00e4nde und die Kapelle in der Nieuwstraat werden im n\u00e4chsten Jahr eine unvorstellbare Metamorphose durchlaufen\", so die Vorhersage der Eigent\u00fcmer der WSG (Wohnstiftung Geertruidenberg) im Jahr 2007. Diese Vorhersage hat sich bewahrheitet. In der Tat sind die R\u00e4umlichkeiten (das ehemalige Kloster im Zentrum von Breda) seither verwahrlost und verfallen. Die mit Plakaten und Graffiti verzierten Au\u00dfenw\u00e4nde sind zu einem Schandfleck im Stra\u00dfenbild von Breda geworden. Damit hat sich die zweite Vorhersage der WSG-Direktoren, n\u00e4mlich \"Dieses St\u00fcck Breda wird wieder in Ordnung kommen\", nicht ganz erf\u00fcllt.<\/p>\n\n\n\n<p><em>H\u00f6ren Sie jetzt nicht gleich auf zu lesen, denn wir m\u00fcssen wirklich in der Geschichte zur\u00fcckgehen, um zu verstehen, was dem vorausging.<\/em><\/p>\n\n\n\n<p><strong>Geschichte<\/strong><\/p>\n\n\n\n<p>Am 24. September 1992 wurde die Gemeinde Breda stolz\u00a0<a href=\"http:\/\/www.michelspekkers.nl\/wp-content\/uploads\/2012\/04\/Afbeelding-13.jpg\" target=\"_blank\" rel=\"noreferrer noopener\">Eigent\u00fcmer<\/a>\u00a0von Nieuwstaat 21-29 in Breda. Sie kauften das ehemalige Kloster der Kongregation der Franziskanerinnen von Mariadal.<\/p>\n\n\n\n<p>Nachdem die Verhandlungen zun\u00e4chst wegen einer zu hohen Preisvorstellung ins Stocken geraten waren, sank die Preisvorstellung des Klosters 1992 erheblich, als die Gemeinde ein\u00a0<a href=\"http:\/\/www.michelspekkers.nl\/wp-content\/uploads\/2012\/04\/Afbeelding-15.jpg\" target=\"_blank\" rel=\"noreferrer noopener\">Ernennung<\/a>\u00a0mit den Schwestern. Sie vereinbarten, dass das ehemalige Kloster f\u00fcr \"Studentenwohnungen\" und nichtkommerzielle Zwecke genutzt werden sollte. Bei Nichteinhaltung dieser Vereinbarungen war die Gemeinde verpflichtet, eine Geldstrafe von 1 Million Gulden an die \"Schwestern\" zu zahlen. Eine Geldbu\u00dfe von 1 Mio. Gulden musste auch gezahlt werden, wenn die Kapelle nicht f\u00fcr liturgische und pastorale Zwecke genutzt wurde.<\/p>\n\n\n\n<p>Damit haben unser Stadtrat und B\u00fcrgermeister Nijpels den Schwestern ein Versprechen gegeben.<\/p>\n\n\n\n<p><strong>Studentisches Wohnen<\/strong><\/p>\n\n\n\n<p>Nach dem Kauf wurde das ehemalige Kloster zu einem&nbsp;<a href=\"http:\/\/www.michelspekkers.nl\/wp-content\/uploads\/2012\/04\/Afbeelding-2.jpg\" target=\"_blank\" rel=\"noreferrer noopener\">Studentenwohnheime<\/a>&nbsp;(\u00fcber 100) die Kosten daf\u00fcr, die urspr\u00fcnglich 1.216.763,- betrugen.&nbsp;<a href=\"http:\/\/www.michelspekkers.nl\/wp-content\/uploads\/2012\/04\/Afbeelding-10.jpg\" target=\"_blank\" rel=\"noreferrer noopener\">goldene<\/a>&nbsp;w\u00fcrde \u00fcber 40% fallen&nbsp;<a href=\"http:\/\/www.michelspekkers.nl\/wp-content\/uploads\/2012\/04\/Afbeelding-12.jpg\" target=\"_blank\" rel=\"noreferrer noopener\">h\u00f6her<\/a>&nbsp;von<\/p>\n\n\n\n<p><strong>Wir verkaufen die Partie<\/strong><\/p>\n\n\n\n<p>Im Jahr 2006 stellte die Gemeinde fest, dass die Renovierung und Instandhaltung des Klosters sehr teuer war, und beschloss daher, das Kloster an einen Dritten zu verkaufen. Dies wurde die WSG. In den folgenden Jahren stand das Geb\u00e4ude leer, und die WSG erhielt Millionen an Subventionen, um es zu restaurieren und in Pflegeeinrichtungen umzuwandeln.&nbsp;<\/p>\n\n\n\n<p>Aber offenbar ging es der WSG finanziell nicht sehr gut und\u00a0<a href=\"http:\/\/www.wsgnl.com\/1597\/over-wsg\/nieuws\/wsg-presenteert-jaarcijfers-2010.html\" target=\"_blank\" rel=\"noreferrer noopener\">verloren<\/a>\u00a0Im Jahr 2010 verlor sie aufgrund riskanter Investitionen \u00fcber 60 Millionen an Eigenkapital. Dadurch konnte unter anderem die Sanierung der Nieuwstraat nicht fortgesetzt werden.<\/p>\n\n\n\n<p>Die WSG beschloss, die Immobilie weiterzuverkaufen, um Geld zu beschaffen und einen Konkurs zu vermeiden. Vor einigen Wochen wurde das neue Ziel bekannt gegeben: ein F\u00fcnf-Sterne-Hotel mit mehr als 80 Zimmern und einem Bar- und Verkaufsbereich in der urspr\u00fcnglichen Kapelle. Unser Gemeindevorstand hat mit Begeisterung auf den Initiativvorschlag reagiert, den die mir noch recht unbekannte HERMON BV etwa einen Monat zuvor eingereicht hatte. Aber was werden die \"Schwestern die so klare Vorbedingungen gestellt hatten, davon halten?<\/p>\n\n\n\n<p>Nun finde ich es gut, dass mit der Nieuwstraat endlich etwas geschieht, aber muss das auch bedeuten, dass in der Vergangenheit getroffene Vereinbarungen sich als wertlos erweisen? Ist es wirklich unm\u00f6glich, sie einzuhalten oder sie auf andere Weise zu erf\u00fcllen? Hat das Kollegium dar\u00fcber \u00fcberhaupt nachgedacht?<\/p>\n\n\n\n<p>In den letzten Wochen habe ich mit allen m\u00f6glichen Institutionen Kontakt gehabt, von der Di\u00f6zese in Breda bis zum KNR (Offizieller Dachverband der Ordensinstitute)<\/p>\n\n\n\n<p><strong>Die Stadtverwaltung gibt keine Auskunft<\/strong><\/p>\n\n\n\n<p>Als Ergebnis dieser Gespr\u00e4che habe ich letzte Woche versucht, die urspr\u00fcnglichen Vertr\u00e4ge zwischen den Schwestern und der Gemeinde sowie zwischen der Gemeinde und der WSG zu ver\u00f6ffentlichen. Leider stie\u00df ich auf eine Mauer des Widerstands.<\/p>\n\n\n\n<p>Die Stadtverwaltung will mir die Vertr\u00e4ge nicht geben, also haben ich letzte Woche und\u00a0<a href=\"http:\/\/www.rijksoverheid.nl\/onderwerpen\/kwaliteit-en-integriteit-overheidsinstanties\/vraag-en-antwoord\/wat-is-de-wet-openbaarheid-van-bestuur-wob.html\" target=\"_blank\" rel=\"noreferrer noopener\">WOB<\/a>\u00a0(Gesetz \u00fcber die \u00f6ffentliche Verwaltung) ist dies ein Antrag, bei dem die Gemeinde verpflichtet wird, die Dokumente dennoch offenzulegen.<\/p>\n\n\n\n<p>Wir haben ein Recht auf diese Dokumente, weil wir dann Antworten auf Fragen wie die folgenden bekommen k\u00f6nnen: F\u00fcr welchen Betrag wurde es damals gekauft und verkauft, unter welchen genauen Bedingungen und noch mehr? Au\u00dferdem frage ich mich, warum sich die Gemeinde nie dazu entschlossen hat, die Grundst\u00fccke von der WSG zu enteignen, als sie in Verfall geraten waren? Wie konnte es dazu kommen, dass eine jahrhundertealte monumentale Stra\u00dfe in wenigen Jahren so heruntergekommen und verwahrlost war?<\/p>\n\n\n\n<p><strong>Sie trauen sich nicht, Verantwortung zu \u00fcbernehmen.<\/strong><\/p>\n\n\n\n<p>Zum Gl\u00fcck hat unser Stadtrat noch nicht \u00fcber das F\u00fcnf-Sterne-Hotelvorhaben abgestimmt. Ich gehe davon aus, dass auch unsere Volksvertreter nicht wollen, dass hier - ohne es zu erw\u00e4hnen - ein kommerzielles Gesch\u00e4ft auf dem R\u00fccken (der, soweit ich es herausfinden konnte, verstorbenen Schwestern) gemacht wird. Das widerspricht allen Absprachen, um nicht die Verantwortung f\u00fcr die Verw\u00fcstung im Herzen von Breda \u00fcbernehmen zu m\u00fcssen und zu d\u00fcrfen.<\/p>","protected":false},"excerpt":{"rendered":"<p>Das Kollegium der B\u00fcrgermeister und Sch\u00f6ffen von Breda reagiert w\u00fctend auf die neuen Pl\u00e4ne von HERMON BV. Aber Moment mal, ist das ethisch korrekt? \"Die Geb\u00e4ude und die Kapelle an der Nieuwstraat werden im n\u00e4chsten Jahr eine unvorstellbare Metamorphose durchlaufen\", so die Vorhersage der Eigent\u00fcmer der WSG (Wohnstiftung Geertruidenberg) im Jahr 2007. Diese Vorhersage hat sich bewahrheitet. Die Immobilien (das ehemalige [...]<\/p>","protected":false},"author":1,"featured_media":0,"comment_status":"open","ping_status":"closed","sticky":false,"template":"","format":"standard","meta":{"footnotes":""},"categories":[1,156],"tags":[],"class_list":["post-49541","post","type-post","status-publish","format-standard","hentry","category-uncategorized","category-add"],"_links":{"self":[{"href":"https:\/\/michelbaljet.com\/de\/wp-json\/wp\/v2\/posts\/49541","targetHints":{"allow":["GET"]}}],"collection":[{"href":"https:\/\/michelbaljet.com\/de\/wp-json\/wp\/v2\/posts"}],"about":[{"href":"https:\/\/michelbaljet.com\/de\/wp-json\/wp\/v2\/types\/post"}],"author":[{"embeddable":true,"href":"https:\/\/michelbaljet.com\/de\/wp-json\/wp\/v2\/users\/1"}],"replies":[{"embeddable":true,"href":"https:\/\/michelbaljet.com\/de\/wp-json\/wp\/v2\/comments?post=49541"}],"version-history":[{"count":0,"href":"https:\/\/michelbaljet.com\/de\/wp-json\/wp\/v2\/posts\/49541\/revisions"}],"wp:attachment":[{"href":"https:\/\/michelbaljet.com\/de\/wp-json\/wp\/v2\/media?parent=49541"}],"wp:term":[{"taxonomy":"category","embeddable":true,"href":"https:\/\/michelbaljet.com\/de\/wp-json\/wp\/v2\/categories?post=49541"},{"taxonomy":"post_tag","embeddable":true,"href":"https:\/\/michelbaljet.com\/de\/wp-json\/wp\/v2\/tags?post=49541"}],"curies":[{"name":"wp","href":"https:\/\/api.w.org\/{rel}","templated":true}]}}