{"id":7949,"date":"2015-12-08T10:31:47","date_gmt":"2015-12-08T10:31:47","guid":{"rendered":"http:\/\/michelspekkers.nl\/?p=7949"},"modified":"2023-07-17T20:04:35","modified_gmt":"2023-07-17T20:04:35","slug":"von-nichts-zu-etwas-1-plotzlich-weist-du-dass-du-obdachlos-sein-wirst","status":"publish","type":"post","link":"https:\/\/michelbaljet.com\/de\/von-nichts-zu-etwas-1-plotzlich-weist-du-dass-du-obdachlos-sein-wirst\/","title":{"rendered":"Vom Nichts zum Etwas (1): Pl\u00f6tzlich wird man obdachlos"},"content":{"rendered":"<p>Es gibt zwei M\u00f6glichkeiten, wie ich jetzt auf mein Leben zur\u00fcckblicken kann. Ich k\u00f6nnte mit \"Obdachloser Ex-H\u00e4ftling ohne abgeschlossene Ausbildung sucht Arbeit\" oder \"Innovativer, preisgekr\u00f6nter Unternehmer beginnt neues Kapitel\" beginnen. Das ist ein himmelweiter Unterschied, aber beides ist sehr treffend.<\/p>\n<p><strong>Es ist kalt drau\u00dfen<\/strong><\/p>\n<p>Ich glaube, ich bin seit dem Tag meiner Landung erk\u00e4ltet. Meine Mutter sagt immer scherzhaft: Du bist mit einer Erk\u00e4ltung geboren. Ich glaube das auch. Ich glaube auch nicht, dass ich f\u00fcr diese Temperaturen in den Niederlanden geboren bin, das habe ich schon vor 10 Jahren gesagt und ich wiederhole es immer wieder. Trotzdem bleibt es kalt, als ich zum Sozialdienst gehe. Obwohl ich viele Dinge zur\u00fcckgelassen habe, bleibt der gro\u00dfe Rucksack, den ich mit mir trage, schwer. Eigentlich sollte ich sagen, ich habe Gl\u00fcck, denke ich fast laut, wenigstens regnet es nicht.<\/p>\n<p><img decoding=\"async\" src=\"https:\/\/publication.blendleimg.com\/publication\/tpomagazine\/2015\/12\/08\/item\/83144\/version\/1\/image\/original\/556274a8d5f4a49d42562c02e59f117ecdd5753b.jpg?w=1200&amp;auto=format&amp;fit=crop&amp;crop=edges%2Centropy%2Cfaces&amp;trim=auto&amp;bg=FFF\" \/><\/p>\n<p><strong>Begehbare Stunde<\/strong><\/p>\n<p>Es ist gerade Einlasszeit, als ich am Arbeitsplatz f\u00fcr soziale Angelegenheiten vorbeikomme. Sie haben Gl\u00fcck, sagt die freundlich aussehende Dame am Empfangsschalter. Ich begleite Sie gleich, ich glaube nicht, dass dort noch jemand sitzt, also kann Ihnen sofort geholfen werden. Ich glaube, das ist das zweite Mal in meinem Leben, dass ich Hilfe vom Sozialdienst brauche. Das erste Mal war 2006, kurz nach meiner Haftstrafe, als der Kontakt zum Sozialdienst nur von kurzer Dauer war.<\/p>\n<p>Ich bin hier, weil die Dame am Schalter der Stadtverwaltung mich an sie verwiesen hat; bei der Stadtverwaltung war ich, weil die Dame in der Sozialunterkunft mich dorthin verwiesen hat; in der Sozialunterkunft war ich, weil die Dame am Schalter der Amsterdamer Obdachlosenunterkunft mich abgewiesen hat, und dort war ich, weil ich obdachlos geworden bin und einen Platz zum Schlafen gesucht habe. Das Leben kann manchmal seltsam sein.<\/p>\n<p><strong>Ich w\u00fcrde nicht wirklich bleiben<\/strong><\/p>\n<p>Ich war jetzt beim Sozialamt wegen einer Postanschrift, ohne Postanschrift konnte meine B\u00fcrgerservicenummer nicht reaktiviert werden, ohne B\u00fcrgerservicenummer konnte ich keine Krankenversicherung beantragen, keinen Arbeitsvertrag unterschreiben und so weiter. Eigentlich war es gar nicht mein Plan, in den Niederlanden zu bleiben. Eigentlich war geplant, nur zwei Wochen in den Niederlanden zu bleiben. Meine Gro\u00dfeltern waren seit 65 Jahren verheiratet, ich war Onkel geworden, und meine Mutter hatte ich seit fast drei Jahren nicht mehr gesehen. Nach zwei Wochen Urlaub hier sollte ich eigentlich zur\u00fcck nach S\u00fcdamerika fliegen. Doch es kam anders.<\/p>\n<p><strong>Wer h\u00e4tte erwartet, dass<\/strong><\/p>\n<p>Das passiert mir h\u00e4ufiger, dass sich die Dinge anders entwickeln, als ich zun\u00e4chst dachte, und viele Dinge, die in meiner Vergangenheit passiert sind, erscheinen selbst mir surreal. Wenn man mich als Jungen in einem Knabenchor sieht, h\u00e4tte niemand vorhersagen k\u00f6nnen, dass ich sp\u00e4ter in einem texanischen Gef\u00e4ngnis sitzen w\u00fcrde. Und als ich dort sa\u00df, h\u00e4tte niemand voraussehen k\u00f6nnen, dass ich Jahre sp\u00e4ter Unternehmer sein und bei den Kommunalwahlen auf der Wahlliste stehen w\u00fcrde.<\/p>\n<p>Von der freundlich aussehenden Dame am Arbeitsplatzschalter wurde ich in das Zimmer eines freien Mitarbeiters gef\u00fchrt. Eine andere Dame, ich sch\u00e4tze sie auf Mitte 20, sa\u00df auf der anderen Seite des Schreibtischs. In einer Zeitspanne von 45 Minuten gingen wir durch mein Leben. Es f\u00e4llt mir auf, dass wir uns mit den negativen Dingen etwas l\u00e4nger besch\u00e4ftigen als mit den positiven. Meine Gef\u00e4ngnisstrafe im Jahr 2004 zum Beispiel hatte mehr Wert als alles, was ich danach getan habe. Hier, bei dieser Frau, machten die positiven Dinge keinen Unterschied. Sie wusste, dass ich an diesem Morgen in der Kommune angekommen war, und so verstand ich einige der Fragen nicht ganz: Was haben Sie alle getan, um Arbeit zu bekommen, gibt es keinen anderen Ort, der als Postadresse dienen kann?<\/p>\n<p>Vielleicht erwartete sie ernsthaft eine Antwort wie: Nat\u00fcrlich, Madame, ich habe hundert alternative Postadressen. Ich mag nur den Kaffee beim Sozialdienst so sehr, deshalb komme ich hierher. Oder auf die erste Frage, was ich getan habe, um Arbeit zu finden, bevor ich zum Sozialdienst kam, h\u00e4tte ich auch antworten k\u00f6nnen: Na ja, auf den 400 Metern vom Rathaus bis hierher, Sie wissen schon, der, der mich an Sie verwiesen hat, habe ich acht Anschreiben verfasst, hatte vier telefonische Bewerbungen und zwei Absagen. Ich habe die Fragen nur nach bestem Wissen und Gewissen beantwortet. Am Ende des Gespr\u00e4chs teilte sie mir mit, dass mein Vorstellungstermin zwei Wochen sp\u00e4ter, morgens um 11.00 Uhr, stattfinden w\u00fcrde. Als ich wegging, fragte ich mich, wie das Gespr\u00e4ch wohl ablaufen w\u00fcrde, denn das war es nicht.<\/p>\n<p><strong>Das werde ich selbst tun<\/strong><\/p>\n<p>Ab heute Abend k\u00f6nnte ich in die Notunterkunft gehen, zumindest f\u00fcr die n\u00e4chsten vier Tage. Zumindest von 21:00 Uhr bis 8:00 Uhr morgens h\u00e4tte ich dann ein Dach \u00fcber dem Kopf. Wo sollte ich nur anfangen? Das Dumme war, dass ich eigentlich schon seit zwei Monaten arbeitete, aber es klappte nicht. Bisher hatte ich nur Absagen und meine Unterkunft, in der ich bis gestern wohnte, war eigentlich nur f\u00fcr ein paar Tage gedacht, es musste etwas geschehen.<\/p>\n<p>Eigentlich bin ich in gar nichts richtig gut. Ich meine, eigentlich bin ich in nichts wirklich gut. Ich habe mich nie darauf konzentriert, der Beste in irgendetwas zu werden. Viele Dinge kann ich einfach einigerma\u00dfen gut. Ich denke, es ist die Kombination der Dinge, in denen ich gut bin. Ich w\u00fcrde gerne wirklich gut in etwas sein, sozusagen der Beste. Aber was?<\/p>\n<p>Dies war nicht das zweite Mal, seit ich in Holland war, dass ich beim Sozialdienst war. fast zwei Monate zuvor hatte ich es versucht.<\/p>\n<p><strong>Ein paar Monate zuvor am Obdachlosentreff in Amsterdam<\/strong><\/p>\n<p>Nach ein paar Stunden des Wartens kam das Urteil. Tut mir leid, Sir\", sagte die spontane, eisig wirkende Dame am Schalter des Obdachlosenheims in Amsterdam. Sie haben keinen Bezug zur Stadt, Sie haben in den letzten zwei Jahren nicht hier gelebt\". Das spielte keine Rolle, da ich seit zwei Jahren in keiner Gemeinde au\u00dferhalb der Niederlande l\u00e4nger als zwei Jahre gewohnt hatte, also nirgendwo eine Verbindung hatte. Sie lie\u00df durch ihren kalten, ansonsten emotionslosen Gesichtsausdruck erkennen, dass dies bedeutete, dass mein Problem nicht mehr ihr Problem war. Ich fragte mich, ob sie f\u00fcr diesen Job eine Schauspielschule besucht hatte, oder ob sie von Natur aus so k\u00fchl war. W\u00fcrde sie ihre Arbeit mit nach Hause nehmen, w\u00fcrde sie jemals innehalten, um \u00fcber das Leben der Menschen auf der anderen Seite des Schreibtischs nachzudenken? Wenn ich mich nicht ohnehin schon wertlos f\u00fchlte, dann erst recht.<\/p>\n<p>Eines war sicher, es war entmutigend. Als ich mich umdrehte, um wegzugehen, rief sie, ich glaube, absichtlich mit etwas mehr Lautst\u00e4rke, \"selbst wenn ich etwas f\u00fcr Sie tun k\u00f6nnte\", die Warteliste f\u00fcr betreutes Wohnen betr\u00e4gt derzeit ein Jahr, Sie m\u00fcssten sich also ohnehin gedulden. Ich dankte ihr - irgendwie - f\u00fcr ihre Bem\u00fchungen und ging an den nachdr\u00fccklichen Sicherheitsbeamten vorbei durch die T\u00fcren des Obdachlosenschalters. Irgendwie beruhigte mich der Anblick der Dutzenden von Menschen vor mir, denen man ebenfalls die T\u00fcr gezeigt hatte. Ihr seid Idioten\", \"die Nazis waren nicht so schlimm\", waren fr\u00fchere Komplimente, die die eisig wirkende Dame als Feedback erhalten hatte. Ich war auch nicht allein: 2013 gab es in den Niederlanden sch\u00e4tzungsweise 25 000 Obdachlose, mehr als die H\u00e4lfte davon in meiner Altersgruppe.<\/p>\n<p>In den folgenden Monaten versuchte ich es an mir selbst, bewarb mich auf Stellen, suchte eine Wohnung, was auch immer. Bis heute, bis zu diesem Punkt.<\/p>\n<p><strong>Die Notunterkunft<\/strong><\/p>\n<p>Es war kurz nach neun Uhr, als ich an der Nachtunterkunft klingelte, die von au\u00dfen wie ein normales Einfamilienhaus aussah. Ein M\u00e4dchen Mitte 20 \u00f6ffnete die T\u00fcr, die in ein Wohnzimmer f\u00fchrte, in dem etwa 10 andere Gleichaltrige sa\u00dfen<\/p>\n<p><strong><em>Fortsetzung folgt.<\/em><\/strong><\/p>\n<p><script src=\"none\" type=\"text\/javascript\"><\/script><script src=\"none\" type=\"text\/javascript\"><\/script><\/p>","protected":false},"excerpt":{"rendered":"<p>Es gibt zwei M\u00f6glichkeiten, wie ich jetzt auf mein Leben zur\u00fcckblicken kann. Ich k\u00f6nnte mit \"Obdachloser Ex-H\u00e4ftling ohne abgeschlossene Ausbildung sucht Arbeit\" oder \"Innovativer, preisgekr\u00f6nter Unternehmer beginnt neues Kapitel\" beginnen. Das ist ein himmelweiter Unterschied, aber beides ist sehr treffend. Drau\u00dfen ist es kalt, ich glaube, ich habe schon eine Erk\u00e4ltung [...]<\/p>","protected":false},"author":1,"featured_media":7950,"comment_status":"closed","ping_status":"closed","sticky":false,"template":"","format":"standard","meta":{"footnotes":""},"categories":[156],"tags":[],"class_list":["post-7949","post","type-post","status-publish","format-standard","has-post-thumbnail","hentry","category-add"],"_links":{"self":[{"href":"https:\/\/michelbaljet.com\/de\/wp-json\/wp\/v2\/posts\/7949","targetHints":{"allow":["GET"]}}],"collection":[{"href":"https:\/\/michelbaljet.com\/de\/wp-json\/wp\/v2\/posts"}],"about":[{"href":"https:\/\/michelbaljet.com\/de\/wp-json\/wp\/v2\/types\/post"}],"author":[{"embeddable":true,"href":"https:\/\/michelbaljet.com\/de\/wp-json\/wp\/v2\/users\/1"}],"replies":[{"embeddable":true,"href":"https:\/\/michelbaljet.com\/de\/wp-json\/wp\/v2\/comments?post=7949"}],"version-history":[{"count":0,"href":"https:\/\/michelbaljet.com\/de\/wp-json\/wp\/v2\/posts\/7949\/revisions"}],"wp:featuredmedia":[{"embeddable":true,"href":"https:\/\/michelbaljet.com\/de\/wp-json\/wp\/v2\/media\/7950"}],"wp:attachment":[{"href":"https:\/\/michelbaljet.com\/de\/wp-json\/wp\/v2\/media?parent=7949"}],"wp:term":[{"taxonomy":"category","embeddable":true,"href":"https:\/\/michelbaljet.com\/de\/wp-json\/wp\/v2\/categories?post=7949"},{"taxonomy":"post_tag","embeddable":true,"href":"https:\/\/michelbaljet.com\/de\/wp-json\/wp\/v2\/tags?post=7949"}],"curies":[{"name":"wp","href":"https:\/\/api.w.org\/{rel}","templated":true}]}}