{"id":7964,"date":"2016-01-20T12:42:40","date_gmt":"2016-01-20T12:42:40","guid":{"rendered":"http:\/\/michelspekkers.nl\/?p=7964"},"modified":"2023-07-17T19:59:17","modified_gmt":"2023-07-17T19:59:17","slug":"von-nichts-zu-etwas-4-die-gerade-erwachsenen-obdachlosen","status":"publish","type":"post","link":"https:\/\/michelbaljet.com\/de\/von-nichts-zu-etwas-4-die-gerade-erwachsenen-obdachlosen\/","title":{"rendered":"Von nichts zu etwas (4): Der frischgebackene Obdachlose"},"content":{"rendered":"<p>Nachdem wir um 8:00 Uhr morgens die Nachtunterkunft verlassen haben, stehen wir vor dem DEEN-Supermarkt und unterhalten uns. Die Kaffeemaschine im Supermarkt funktioniert wieder, nachdem sie tagelang ausgefallen war, und die Croissants sind im Angebot. Drau\u00dfen ist es kalt, und f\u00fcr die n\u00e4chsten Stunden haben wir keinen w\u00e4rmeren Ort, wo wir hingehen k\u00f6nnen. Wir unterhalten uns ein wenig, haupts\u00e4chlich \u00fcber das Leben.<\/p>\n\n\n\n<p><strong>Treffen mit \"Freunden<\/strong><\/p>\n\n\n\n<p>Wouter ist gerade 18 geworden und lebt seit vier Monaten im Nachtasyl. Er hat sich f\u00fcr das Projekt Casa24 beworben, ein Jugendprojekt des Allgemeinen Aufnahmezentrums Purmerend. Die Wartezeit ist jedoch lang; sie kann sechs bis 10 Monate betragen. Bis dahin schl\u00e4ft er nachts im Nachtasyl und irrt tags\u00fcber durch die Stra\u00dfen oder trifft sich mit \"Freunden\".<\/p>\n\n\n\n<p>Wouter wuchs in einer Pflegefamilie auf, wo er acht Jahre lang aufwuchs, bevor er sie verlie\u00df. Diese Woche stand ich auch hier vor dem DEEN und meine Pflegemutter kam pl\u00f6tzlich vorbei, aber ich glaube, sie hat mich zum Gl\u00fcck nicht gesehen, ich will auch nicht, dass sie mich so sieht. W\u00e4hrend Wouter auf seinem Handy nach einem alten Foto von sich sucht, sagt er, dass er fr\u00fcher \"viel breiter und ges\u00fcnder\" war. Durch das Blasen hat er abgenommen.<\/p>\n\n\n\n<p>Er befindet sich in einer Art Zwickm\u00fchle. Weil er 18 geworden ist, k\u00f6nnen ihm einige Stellen nicht mehr helfen, und weil er erst 18 ist, k\u00f6nnen ihm andere Stellen nicht helfen.<\/p>\n\n\n\n<p>Walters Hoffnungen ruhen auf Casa24, einem betreuten Wohnprojekt des Tierheims Purmerend, das auch das Nachtasyl betreibt. Das Projekt ist f\u00fcr junge Menschen zwischen 18 und 25 Jahren gedacht und besteht seit 2012. In maximal 18 Monaten erhalten diese jungen Menschen die M\u00f6glichkeit, ihren Platz in der Gesellschaft wieder zu finden. Doch wenn ich eine Evaluation aus dem Jahr 2012 lese, frage ich mich, welche Art von jungen Menschen hier Hilfe erwarten k\u00f6nnen. Zu den Aufnahmekriterien von Casa24 geh\u00f6rt zum Beispiel, dass man keine psychiatrischen Probleme hat, die zu Verhaltensauff\u00e4lligkeiten f\u00fchren, nicht suchtkrank ist, eine starke Motivation hat und einen normalen IQ besitzt. Das l\u00e4sst ein wenig den Eindruck entstehen, dass sie \u00fcber ihre Zielgruppe hinausschie\u00dfen, da junge Menschen mit dieser Beschreibung normalerweise auch nicht obdachlos sind. Au\u00dferdem hat Casa24, wie die regul\u00e4ren Unterk\u00fcnfte des AOP, lange Wartezeiten. So kann es beispielsweise leicht 10 Monate dauern, bis ein Platz f\u00fcr Wouter frei wird.<\/p>\n\n\n\n<figure class=\"wp-block-image size-large\"><img fetchpriority=\"high\" decoding=\"async\" width=\"1024\" height=\"768\" src=\"https:\/\/michelbaljet.com\/wp-content\/uploads\/2023\/07\/image-12-1024x768.png\" alt=\"\" class=\"wp-image-49474\" srcset=\"https:\/\/michelbaljet.com\/wp-content\/uploads\/2023\/07\/image-12-1024x768.png 1024w, https:\/\/michelbaljet.com\/wp-content\/uploads\/2023\/07\/image-12-416x312.png 416w, https:\/\/michelbaljet.com\/wp-content\/uploads\/2023\/07\/image-12-300x225.png 300w, https:\/\/michelbaljet.com\/wp-content\/uploads\/2023\/07\/image-12-768x576.png 768w, https:\/\/michelbaljet.com\/wp-content\/uploads\/2023\/07\/image-12.png 1200w\" sizes=\"(max-width: 1024px) 100vw, 1024px\" \/><\/figure>\n\n\n\n<p><strong>Er ist nicht allein.<\/strong><\/p>\n\n\n\n<p>Wouter ist nicht allein. Gert-Jan Schipper von Clup Welzijn Purmerend beispielsweise gibt an, dass es nach seinen Z\u00e4hlungen neben den Obdachlosen, die das Nachtasyl nutzen, und den Bekannten von GGD, GGZ und\/oder der Polizei etwa 30 junge Menschen zwischen 18 und 27 Jahren gibt. Sie haben keinen festen Wohnsitz in Purmerend.<\/p>\n\n\n\n<p>Derzeit erh\u00e4lt Wouter Unterst\u00fctzung von der Gemeinde. In Wouters Fall handelt es sich um 236 Euro pro Monat, von denen aber noch nichts gezahlt wurde. Nach der Zahlung des Nachtasyls (5 Euro pro Nacht) bleiben Wouter etwa 90 Euro zum Leben, aber dann kommt die Krankenversicherungspr\u00e4mie, die er nicht bezahlen kann.<\/p>\n\n\n\n<p>Im Heim hat man mir geholfen, mich bei der Gemeinde anzumelden, aber im ersten Monat war ich nirgends registriert. Wouter scheint es nicht sonderlich zu st\u00f6ren, dass er nicht versichert ist. Vielleicht wei\u00df er es einfach nicht besser.<\/p>\n\n\n\n<p><strong>Ich kann auch schwei\u00dfen<\/strong><\/p>\n\n\n\n<p>Wouter zeigt auf einen Lastwagen, der neben dem Supermarkt geparkt ist. Ich f\u00e4nde das cool, Michel. Auf so einem Lastwagen zu arbeiten. Sch\u00f6nes Reisen, ins Ausland gehen'. Wouter hat nie weiter studiert. Studieren mag er auch nicht wirklich, sagt er, 'vielleicht einen Tag in der Woche, aber lieber nicht. Wei\u00dft du Michel, ich kann auch schwei\u00dfen, ich bin nur nicht zur Pr\u00fcfung gekommen\".<\/p>\n\n\n\n<p>In den letzten Wochen ist mir aufgefallen, dass Wouter sich leicht von seiner Umgebung beeinflussen l\u00e4sst, und so frage ich mich regelm\u00e4\u00dfig, ob dies die richtige Umgebung f\u00fcr den leicht rebellischen Jungen ist. Verstehen Sie mich nicht falsch: Das Nachtasyl ist keine gute Umgebung f\u00fcr irgendjemanden, schon gar nicht f\u00fcr jemanden, der gerade erst erwachsen geworden ist. W\u00e4hrend er auf der einen Seite \u00e4lteren Menschen und seinen Pflegeeltern mit Respekt begegnet, schei\u00dft er auf die Gesellschaft.<\/p>\n\n\n\n<p>Ich musste um 21 Uhr mit meinen (Pflege-)Eltern drinnen sein. Ich meine, ich verstehe es, wenn es dunkel wird, ist es am besten, drinnen zu sein, nachts kommen die Ratten raus, aber manchmal wollte ich auch einfach nur einen Joint rauchen und mit meinen Freunden zusammen sein, das konnte ich dort nicht tun, jetzt ist es einfach. Als ich Wouter sp\u00e4ter frage, was er in seinem Leben am meisten bedauert, ist es die Entscheidung, seine Pflegeeltern zu verlassen. Er hat sie nicht mehr besucht, seit er bei uns im Nachtasyl ist.<\/p>\n\n\n\n<p><strong>Keine regionalen Bindungen<\/strong><\/p>\n\n\n\n<p>Die Obdachlosigkeit begann f\u00fcr Wouter nicht in Purmerend. Er kam hierher, weil er von einer Anlaufstelle in Amsterdam \u00fcberwiesen wurde. Ich konnte in Amsterdam keine Hilfe bekommen, ich hatte keine Verbindung zur Region, hie\u00df es.<\/p>\n\n\n\n<p>Purmerend und Zaandam haben eine zentrale regionale Funktion und k\u00fcmmern sich gemeinsam um die Gemeinden der Region, wenn es um die Unterbringung von Obdachlosen geht. Wenn man also in Volendam oder Edam obdachlos wird, landet man auch in Purmerend. Jede Gemeinde hat ihre eigene Herangehensweise an die Aufnahme von Obdachlosen, wobei Haarlem sich f\u00fcr eine Politik mit mehr Beratung und l\u00e4ngeren \u00d6ffnungszeiten entscheidet, w\u00e4hrend Purmerend eindeutig die \"Find it yourself\"-Mentalit\u00e4t bevorzugt.<\/p>\n\n\n\n<p>Wouter lebt den gr\u00f6\u00dften Teil seines Tages auf der Stra\u00dfe. Er h\u00e4ngt mit Freunden ab, raucht einen Joint und f\u00e4hrt bewundernswerterweise regelm\u00e4\u00dfig mit einem neuen Fahrrad, dessen Herkunft unklar ist. Meines Erachtens helfen ihm auch die fehlende Beratung und die H\u00f6he der Unterst\u00fctzung nicht weiter. Die Unterst\u00fctzung von 236 Euro ist zu wenig, um alle seine festen Ausgaben zu bezahlen. Einen wirklichen Plan f\u00fcr die Zukunft hat Wouter noch nicht, aber er hat W\u00fcnsche. H\u00e4tten Sie gerne Kinder? Ich m\u00f6chte zwei, am liebsten Jungs\", sagt er eines Tages zu mir.<\/p>\n\n\n\n<p><strong>Dann wird er zu einem Kriminellen<\/strong><\/p>\n\n\n\n<p>Der \u00e4lteste ehemalige Obdachlose in meinem neuen Bekanntenkreis sagt, dass 10 Monate Wartezeit f\u00fcr Wouter bedeuten, dass er zum Kriminellen wird. Unser \"Gro\u00dfvater\" hat es oft genug gesehen. Wouter ist allein auf der Welt. Aber es scheint niemanden zu geben, der es wirklich merkt, wenn Wouter sich f\u00fcr einen anderen Weg in seinem Leben entscheidet, bevor er in Casa24 aufgenommen wird.<\/p>\n\n\n\n<p>In den Niederlanden gibt es sch\u00e4tzungsweise 9.000 vagabundierende Jugendliche. Nach den WMO-Vereinbarungen sind die Gemeinden f\u00fcr die dauerhafte soziale Betreuung vagabundierender Jugendlicher zust\u00e4ndig. Ich pers\u00f6nlich bin der Meinung, dass die Unterbringung von Wouter in einem Nachtasyl, ohne ihm dar\u00fcber hinaus eine Betreuung zu bieten, nicht unter eine stabile soziale Betreuung f\u00e4llt. Ich frage mich, ob man in der Politik auch so denkt.<script src=\"none\" type=\"text\/javascript\"><\/script><script src=\"none\" type=\"text\/javascript\"><\/script><\/p>","protected":false},"excerpt":{"rendered":"<p>Nachdem wir um 8:00 Uhr morgens die Nachtunterkunft verlassen haben, stehen wir vor dem DEEN-Supermarkt und unterhalten uns. Die Kaffeemaschine im Supermarkt funktioniert wieder, nachdem sie tagelang ausgefallen war, und die Croissants sind im Angebot. Drau\u00dfen ist es kalt, und f\u00fcr die n\u00e4chsten Stunden haben wir keinen w\u00e4rmeren Ort, wo wir hingehen k\u00f6nnen. Wir [...]<\/p>","protected":false},"author":1,"featured_media":7965,"comment_status":"closed","ping_status":"closed","sticky":false,"template":"","format":"standard","meta":{"footnotes":""},"categories":[156],"tags":[],"class_list":["post-7964","post","type-post","status-publish","format-standard","has-post-thumbnail","hentry","category-add"],"_links":{"self":[{"href":"https:\/\/michelbaljet.com\/de\/wp-json\/wp\/v2\/posts\/7964","targetHints":{"allow":["GET"]}}],"collection":[{"href":"https:\/\/michelbaljet.com\/de\/wp-json\/wp\/v2\/posts"}],"about":[{"href":"https:\/\/michelbaljet.com\/de\/wp-json\/wp\/v2\/types\/post"}],"author":[{"embeddable":true,"href":"https:\/\/michelbaljet.com\/de\/wp-json\/wp\/v2\/users\/1"}],"replies":[{"embeddable":true,"href":"https:\/\/michelbaljet.com\/de\/wp-json\/wp\/v2\/comments?post=7964"}],"version-history":[{"count":0,"href":"https:\/\/michelbaljet.com\/de\/wp-json\/wp\/v2\/posts\/7964\/revisions"}],"wp:featuredmedia":[{"embeddable":true,"href":"https:\/\/michelbaljet.com\/de\/wp-json\/wp\/v2\/media\/7965"}],"wp:attachment":[{"href":"https:\/\/michelbaljet.com\/de\/wp-json\/wp\/v2\/media?parent=7964"}],"wp:term":[{"taxonomy":"category","embeddable":true,"href":"https:\/\/michelbaljet.com\/de\/wp-json\/wp\/v2\/categories?post=7964"},{"taxonomy":"post_tag","embeddable":true,"href":"https:\/\/michelbaljet.com\/de\/wp-json\/wp\/v2\/tags?post=7964"}],"curies":[{"name":"wp","href":"https:\/\/api.w.org\/{rel}","templated":true}]}}