{"id":7973,"date":"2016-02-28T20:48:40","date_gmt":"2016-02-28T20:48:40","guid":{"rendered":"http:\/\/michelspekkers.nl\/?p=7973"},"modified":"2023-07-17T16:22:37","modified_gmt":"2023-07-17T16:22:37","slug":"die-teuren-obdachlosen-in-379-worten","status":"publish","type":"post","link":"https:\/\/michelbaljet.com\/de\/die-teuren-obdachlosen-in-379-worten\/","title":{"rendered":"Der teure Obdachlose, in 379 Worten"},"content":{"rendered":"<p>F\u00fcr RTV Purmerend: <a href=\"https:\/\/player.demediahub.nl\/video\/20451762\/focustv-van-zondag-28-februari\" target=\"_blank\" rel=\"noopener\">Hier<\/a> zu sehen ab 13:30 Uhr<\/p>\n<p><span style=\"font-weight: 400;\">Meiner bescheidenen Meinung nach ist die Welt verkehrt herum, es gibt nicht zu wenig Betten, sondern zu viele Obdachlose!!!\", sagte der Fraktionsvorsitzende der VVD Purmerend, Jan Peter Dompeling, letzte Woche auf Twitter als Reaktion auf einen Artikel des Noord Hollands Dagblad mit dem Titel \"Bettenknappheit im Nachtasyl Purmerend beunruhigend\". In diesem Artikel erkl\u00e4rte der Leiter der Sozialunterkunft Purmerend, Niels Kentie, mit Krokodilstr\u00e4nen, dass mehr Platz f\u00fcr die Aufnahme von Obdachlosen ben\u00f6tigt w\u00fcrde, dieser aber nicht zu finden sei. Wir tun, was wir k\u00f6nnen, aber es ist besorgniserregend\". <\/span><\/p>\n<p><span style=\"font-weight: 400;\">Eine Kommune, die als Ablehnungskriterium f\u00fcr einen Antrag auf Obdachlosigkeit auf ihrer Website in fetten Buchstaben schreibt, dass Obdachlosigkeit kein g\u00fcltiges Kriterium f\u00fcr einen solchen Antrag auf Obdachlosigkeit ist, das ist die verkehrte Welt Herr Dompeling, aber das ist meine bescheidene Meinung. <\/span><\/p>\n<p><span style=\"font-weight: 400;\">Das Aufnahmezentrum Purmerend erh\u00e4lt j\u00e4hrlich 1,7 Millionen Euro f\u00fcr die Unterbringung von vor\u00fcbergehend schutzbed\u00fcrftigen B\u00fcrgern, 1,3 Millionen von der Gemeinde und \u00fcber 350 Tausend aus Eigenleistungen der Kunden. Umgerechnet sind das gro\u00dfz\u00fcgige 1.000 Euro pro Jahr. <\/span><\/p>\n<p><span style=\"font-weight: 400;\">Das Ergebnis dieser hohen Investitionen der Gemeinde ist, dass es zu wenig Betten f\u00fcr Notunterk\u00fcnfte gibt, damit Obdachlose nicht jeden Tag zwischen 21 und 8 Uhr ein Dach \u00fcber dem Kopf erwarten m\u00fcssen, das Ergebnis dieser hohen Investitionen ist, dass es Wartelisten von 10 Monaten f\u00fcr regul\u00e4re betreute Wohnungen gibt, und das Ergebnis dieser hohen Investitionen ist, dass man zwei Monate auf ein erstes Aufnahmegespr\u00e4ch warten muss, um festzustellen, ob man \u00fcberhaupt auf eine Warteliste gesetzt wird. Denn, Herr Stadtrat Nijenhuis, die \u00dcbersichten \u00fcber die Wartelisten, die jeden Monat in Ihrem Posteingang landen, sind nur f\u00fcr diejenigen, die die harte Tortur des Aufnahmegespr\u00e4chs \u00fcberstanden haben. <\/span><\/p>\n<p><span style=\"font-weight: 400;\">Eigene Leute zuerst\" rief der Rat, als er sich w\u00e4hrend einer Fl\u00fcchtlingsdebatte Ende letzten Jahres in die Enge getrieben f\u00fchlte, und gleich danach gab der Rat ebenfalls fast 2 Tonnen zus\u00e4tzlich f\u00fcr Obdachlosigkeit aus. Und zwar f\u00fcr die Tagesbetreuung. Wir k\u00f6nnen jetzt vier Stunden mehr Kaffee am Tag trinken, aber diese Tasse Kaffee kostet den Steuerzahler 168 Euro pro Stunde. Eine teure Tasse Entschuldigungskaffee, die meines Erachtens f\u00fcr echte Hilfe h\u00e4tte ausgegeben werden k\u00f6nnen. Aber dazu braucht man einen Willen und eine Vision, und das, liebe Leute, ist unbezahlbar. Die Idee von Stadtrat Nijenhuis mit dem Ausn\u00fcchterungs-Bade-Brot kostet mehr.<\/span><\/p>\n<p><script src=\"none\" type=\"text\/javascript\"><\/script><script src=\"none\" type=\"text\/javascript\"><\/script><\/p>","protected":false},"excerpt":{"rendered":"<p>F\u00fcr RTV Purmerend: Sehen Sie es hier ab 13:30 \"Meiner bescheidenen Meinung nach ist die Welt verkehrt herum, es gibt nicht zu wenig Betten, sondern zu viele Obdachlose!!!\", sagte der Fraktionsvorsitzende der VVD Purmerend, Jan Peter Dompeling, letzte Woche auf Twitter nach einem Artikel des Noord Hollands Dagblad mit dem Titel \"Bettenmangel in [...]<\/p>","protected":false},"author":1,"featured_media":7974,"comment_status":"closed","ping_status":"closed","sticky":false,"template":"","format":"standard","meta":{"footnotes":""},"categories":[156],"tags":[],"class_list":["post-7973","post","type-post","status-publish","format-standard","has-post-thumbnail","hentry","category-add"],"_links":{"self":[{"href":"https:\/\/michelbaljet.com\/de\/wp-json\/wp\/v2\/posts\/7973","targetHints":{"allow":["GET"]}}],"collection":[{"href":"https:\/\/michelbaljet.com\/de\/wp-json\/wp\/v2\/posts"}],"about":[{"href":"https:\/\/michelbaljet.com\/de\/wp-json\/wp\/v2\/types\/post"}],"author":[{"embeddable":true,"href":"https:\/\/michelbaljet.com\/de\/wp-json\/wp\/v2\/users\/1"}],"replies":[{"embeddable":true,"href":"https:\/\/michelbaljet.com\/de\/wp-json\/wp\/v2\/comments?post=7973"}],"version-history":[{"count":0,"href":"https:\/\/michelbaljet.com\/de\/wp-json\/wp\/v2\/posts\/7973\/revisions"}],"wp:featuredmedia":[{"embeddable":true,"href":"https:\/\/michelbaljet.com\/de\/wp-json\/wp\/v2\/media\/7974"}],"wp:attachment":[{"href":"https:\/\/michelbaljet.com\/de\/wp-json\/wp\/v2\/media?parent=7973"}],"wp:term":[{"taxonomy":"category","embeddable":true,"href":"https:\/\/michelbaljet.com\/de\/wp-json\/wp\/v2\/categories?post=7973"},{"taxonomy":"post_tag","embeddable":true,"href":"https:\/\/michelbaljet.com\/de\/wp-json\/wp\/v2\/tags?post=7973"}],"curies":[{"name":"wp","href":"https:\/\/api.w.org\/{rel}","templated":true}]}}