{"id":8276,"date":"2016-06-30T15:40:40","date_gmt":"2016-06-30T15:40:40","guid":{"rendered":"http:\/\/michelspekkers.nl\/?p=8276"},"modified":"2023-07-17T15:50:21","modified_gmt":"2023-07-17T15:50:21","slug":"purmerend-spekkers-juni-16","status":"publish","type":"post","link":"https:\/\/michelbaljet.com\/de\/purmerend-spekkers-juni-16\/","title":{"rendered":"Kolumne: Der Purmerend von Spekkers vom Juni '16"},"content":{"rendered":"<p>Letzte Woche hatten wir Reuring. Was eine kleine Stadt gro\u00df sein kann. Gro\u00dfartig, ein wunderbares Festival war es. Ich war \u00fcberrascht, in meiner Vorstellung war Reuring nicht mehr als eine B\u00fchne auf dem Koemarkt, aber in der Zwischenzeit, in den Jahren meiner Abwesenheit, hat es sich zu einem echten Event mit mehreren B\u00fchnen an verschiedenen Orten entwickelt.<\/p>\n<p>\u00dcber 300 Freiwillige haben mitgewirkt, um Reuring zu einem Erfolg zu machen. wirklich fantastisch, aber es gibt immer Raum f\u00fcr Verbesserungen. So hat die Organisation beispielsweise die Nutzung der sozialen Medien v\u00f6llig vernachl\u00e4ssigt, und eine Nachricht von Reuring an die Freiwilligengruppe hinterlie\u00df gestern einen bitteren Nachgeschmack.<\/p>\n<p>Einer der Initiatoren und festangestellten Mitarbeiter von reuring war entt\u00e4uscht \u00fcber die Zahl der Freiwilligen, die in den vergangenen Tagen mit dem Aufr\u00e4umen und Saubermachen nach der Veranstaltung im Park besch\u00e4ftigt waren. N\u00e4chstes Jahr muss das wirklich anders werden\", sagte die bezahlte Kraft. Nicht nur die Freuden, sondern auch die Lasten gemeinsam teilen\", schloss sie ihre weitschweifige Botschaft, in der sie ihrem Herzen \u00fcber den Mangel an Freiwilligen Luft machte. \"Die Abschlussparty hat f\u00fcr mich schon einen \u00fcblen Beigeschmack\", erkl\u00e4rte sie. F\u00fcr die \u00d6ffentlichkeit ist am Sonntag Schluss mit dem Reuring. Aber auch f\u00fcr die gro\u00dfe Mehrheit der Freiwilligen. Eine viel zu kleine Gruppe, die dann alles abbauen und aufr\u00e4umen musste.'<\/p>\n<p>Ich verstand zwar ihren Gedanken, aber ich musste auch an die Hunderte von Freiwilligen denken, die wie ich ein langes Wochenende auf dem Feld verbracht hatten. Die sich freigenommen hatten, um zu helfen, die sich bei jedem Wetter auf den Weg gemacht hatten, um Reuring zu einem Erfolg zu machen. Freiwillige, die, ob mit oder ohne Behinderung, bis zu den Kn\u00f6cheln im Schlamm standen und die am Montag nach dem langen Reuring-Wochenende wieder in eine normale Arbeitswoche starteten. Nicht nur die Freuden, sondern auch die Lasten klangen bei dem Gedanken an diese bezahlte Kraft etwas abwertend und undankbar, und diese Ariane, das hinterlie\u00df bei mir wieder einen \u00fcblen Beigeschmack.<\/p>\n<p>Verwirrte Menschen. Davon hatten wir letzten Monat in Purmerend reichlich. Ein Auto unter Wasser am Kai des Kanals. Eine Frau, die mit ihrem Auto \u00fcber eine Busschleuse f\u00e4hrt, woraufhin das Auto vollst\u00e4ndig abbrennt. Eine 22-j\u00e4hrige Frau, die mit einem Luftgewehr auf Jugendliche schie\u00dft, weil sie nicht in Ruhe lesen kann. Ein Mann, der zu gemeinn\u00fctziger Arbeit verurteilt wird, weil er Anfang des Jahres sein Kaninchen ins Wasser geworfen hat, weil das Kaninchen angeblich gerne schwimmt\". Ein Junge, der verhaftet wird, nachdem er ein Polizeiauto angefahren hat. Eine Frau, die auf Youtube viral geht, weil sie am Bahnhof Overwhere v\u00f6llig durchdreht, und ein Patient, der im Waterland-Krankenhaus auf Krankenschwestern einsticht. Juni 2016 - der Monat der verwirrten Menschen in Purmerend.<\/p>\n<p>Aber es sind nicht diese verwirrten Menschen, \u00fcber die wir heute mit Ihnen sprechen wollen, sondern der verwirrte Mann Arie-Wim Boer, der sich mehr und mehr zum kleinen Diktator entwickelt. Undenkbar aus der Purmerend-Politik und landesweit - unter dem Namen Arie-Wim Beer - das Gesicht der Purmerend-Politik.<\/p>\n<p>Letzten Monat begann ein wahrer Exodus aus der Arie-Wim-Partei. Zuerst trat Kommissar Rob Klaucke zur\u00fcck, woraufhin die Schlammschlacht im Internet begann. Wenig sp\u00e4ter trat auch Gert-Jan Hartog zur\u00fcck. Obwohl ich die Idee von Leefbaar Purmerend gut unterst\u00fctze, habe ich die Nase voll von diesem Rummel und der Kleinkinderklasse. Ich glaube an eine Politik, die reif ist und den anderen respektiert\", sagte Hartog in einer Antwort an mich. Arie-Wim war sehr ver\u00e4rgert \u00fcber Klauckes Abgang und vor allem \u00fcber die Art und Weise. Hartog forderte Arie-Wim auf, die Sache auf andere Weise auszutragen, wozu Arie-Wim wenig Lust versp\u00fcrte. F\u00fcr mich hie\u00df es: 'Nimm es oder lass es', sagt Hartog. Am Ende hie\u00df es also: Lass es. Hartog sollte die Partei bereits im Laufe dieses Jahres verlassen, Boers Verhalten beschleunigte dies nur. Laut Stimmen in der Partei rumort es noch immer in der Partei von Boer.<\/p>\n<p>Als Ersatz f\u00fcr die ausgeschiedenen Ausschussmitglieder wird die Nummer 9 auf der Kandidatenliste von Leefbaar Purmerend antreten. Chris Boer alias der Sohn von Arie-Wim Boer, der bei der letzten Wahl 21 Stimmen erhalten hat. Bald wird er in den Rat einziehen. Noch nicht, denn er ist noch nicht 18, aber sobald er es ist, wird er in die Fu\u00dfstapfen seines Vaters treten und sich zu Mama und Papa an den K\u00fcchentisch im Rat setzen. Der K\u00fcchentisch der Familie Boer wurde im Internet stark kritisiert. So twitterte beispielsweise D66-Ratsmitglied Van Meekeren: \"Eine Partei, in der die Familie 2018 im Rat sitzen k\u00f6nnte. Ich denke etwas dar\u00fcber und positiv, dass das nicht ist...'<\/p>\n<p>Familien in der Stadtverwaltung sind nicht einzigartig, und ich verstehe die Aufregung auch nicht wirklich. Das war schon in mehreren St\u00e4dten in den Niederlanden der Fall. In Amsterdam gab es zum Beispiel die Familie Bakker. Und Familien in der Politik haben sich auch au\u00dferhalb der Niederlande bew\u00e4hrt. Zum Beispiel in Italien, wo Berlusconi und seine Familie viel f\u00fcr die Menschen und die Entwicklung vor Ort getan haben. Aber wenn man sich die Geschichte der Mafia und ihre Verflechtung mit der Politik anschaut, kann man nicht leugnen, dass es ein kluger Schachzug der cosa nostra war, sich als Familie in der Politik zu engagieren. Selbst in Venzuela, wo die Tochter des verstorbenen Pr\u00e4sidenten Chavez - ohne jemals eine Ausbildung abgeschlossen oder einen Job gehabt zu haben - einen Sitz im Sicherheitsrat einnehmen darf, kann man den Nutzen der Familie erkennen. Sie bekommt einen Sitz geschenkt, den man in den Niederlanden nach 12 Jahren Lobbyarbeit nur mit M\u00fche ergattern k\u00f6nnte.<\/p>\n<p>Eine Diktatur hat oft einen undemokratischen Charakter. Sie haben oft keine Pressefreiheit, unterdr\u00fccken Gegner und Andersdenkende, sch\u00fcchtern ein und setzen ihre eigenen Gesetze durch. Wenn ich ein wenig nachdenklich durch die Schlagzeilen von Arie-Wim Boer bl\u00e4ttere, kann ich nicht umhin, eine Reihe von Dingen wiederzuerkennen.<\/p>\n<p>Heute Abend er\u00f6rtert der Rat zum Beispiel eine offizielle Beschwerde mehrerer Sch\u00fcler, darunter ein Minderj\u00e4hriger, der sich von Arie-Wim Boer eingesch\u00fcchtert f\u00fchlte. Die Fraktion Liveable hat erkl\u00e4rt, dass sie an der heutigen Debatte nicht teilnehmen wird. Warum sollte sie auch an einer Debatte teilnehmen, nachdem ein offizielles Beschwerdeverfahren stattgefunden hat, bei dem eine unabh\u00e4ngige Stelle die Beschwerde untersucht und f\u00fcr gerechtfertigt erkl\u00e4rt hat? Es ist nicht das erste Mal, dass Arie-Wim Boer kompromittiert wird, immer wieder gelingt es ihm, den Stadtrat von Purmerend zu einer Farce zu machen.<\/p>\n<p>Das Problem einer Diktatur ist oft die Nachfolge, aber im Fall von Arie-Wim Boer m\u00fcssen wir uns dar\u00fcber noch keine Sorgen machen. Seit Jahren bereitet er seinen noch minderj\u00e4hrigen Sohn auf die politische B\u00fchne in Purmerend vor. Die Familie Boer, die fast k\u00f6nigliche Dynastie der Purmerender Politik.<script src=\"none\" type=\"text\/javascript\"><\/script><script src=\"none\" type=\"text\/javascript\"><\/script><\/p>","protected":false},"excerpt":{"rendered":"<p>Letzte Woche hatten wir Reuring. Was eine kleine Stadt gro\u00df sein kann. Gro\u00dfartig, ein wunderbares Festival war es. Ich war \u00fcberrascht, in meiner Vorstellung war Reuring nicht mehr als eine B\u00fchne auf dem Koemarkt, aber in der Zwischenzeit, in den Jahren meiner Abwesenheit, hat es sich zu einem echten Event mit mehreren B\u00fchnen an verschiedenen Orten entwickelt.<\/p>","protected":false},"author":1,"featured_media":7950,"comment_status":"closed","ping_status":"closed","sticky":false,"template":"","format":"standard","meta":{"footnotes":""},"categories":[156],"tags":[],"class_list":["post-8276","post","type-post","status-publish","format-standard","has-post-thumbnail","hentry","category-add"],"_links":{"self":[{"href":"https:\/\/michelbaljet.com\/de\/wp-json\/wp\/v2\/posts\/8276","targetHints":{"allow":["GET"]}}],"collection":[{"href":"https:\/\/michelbaljet.com\/de\/wp-json\/wp\/v2\/posts"}],"about":[{"href":"https:\/\/michelbaljet.com\/de\/wp-json\/wp\/v2\/types\/post"}],"author":[{"embeddable":true,"href":"https:\/\/michelbaljet.com\/de\/wp-json\/wp\/v2\/users\/1"}],"replies":[{"embeddable":true,"href":"https:\/\/michelbaljet.com\/de\/wp-json\/wp\/v2\/comments?post=8276"}],"version-history":[{"count":0,"href":"https:\/\/michelbaljet.com\/de\/wp-json\/wp\/v2\/posts\/8276\/revisions"}],"wp:featuredmedia":[{"embeddable":true,"href":"https:\/\/michelbaljet.com\/de\/wp-json\/wp\/v2\/media\/7950"}],"wp:attachment":[{"href":"https:\/\/michelbaljet.com\/de\/wp-json\/wp\/v2\/media?parent=8276"}],"wp:term":[{"taxonomy":"category","embeddable":true,"href":"https:\/\/michelbaljet.com\/de\/wp-json\/wp\/v2\/categories?post=8276"},{"taxonomy":"post_tag","embeddable":true,"href":"https:\/\/michelbaljet.com\/de\/wp-json\/wp\/v2\/tags?post=8276"}],"curies":[{"name":"wp","href":"https:\/\/api.w.org\/{rel}","templated":true}]}}