{"id":8724,"date":"2017-01-10T13:24:30","date_gmt":"2017-01-10T13:24:30","guid":{"rendered":"http:\/\/michelspekkers.nl\/?p=8724"},"modified":"2024-02-14T22:43:02","modified_gmt":"2024-02-14T22:43:02","slug":"mh17-meine-geschichte","status":"publish","type":"post","link":"https:\/\/michelbaljet.com\/de\/mh17-meine-geschichte\/","title":{"rendered":"MH17, meine Geschichte"},"content":{"rendered":"<p><em><span class=\"_5yl5\">In den letzten Tagen gab es viel Wirbel um meine Entscheidung, \u00dcberreste von MH17 in die Niederlande zu bringen. Dies ist meine Seite der Geschichte.<\/span><\/em><\/p>\n<p>Am Sonntag, den 25. Dezember, reiste ich (zusammen mit Stefan Beck) \u00fcber Warschau, Moskau und Rostow nach Donezk. Zweck der Reise war (unter anderem) die Erforschung des DNR-Alltags und der Entwicklungen in der Ostukraine seit Beginn des Krieges im Jahr 2014. Es kursieren viele Geschichten \u00fcber das, was dort vor sich geht, und viele davon widersprechen sich gegenseitig. Insgesamt haben wir zwei Monate damit verbracht, uns vorzubereiten und alle m\u00f6glichen Szenarien, einschlie\u00dflich der Sicherheit, zu ber\u00fccksichtigen.<\/p>\n<p><strong>Warum \u00fcber Russland.<\/strong><\/p>\n<p>Man entschied sich schlie\u00dflich daf\u00fcr, \u00fcber Russland in die DNR zu reisen. Eine andere, in den Augen mancher Leute logischere Route w\u00e4re die \u00fcber die Ukraine gewesen. In der Ostukraine herrscht seit 2014 ein Krieg. Es gibt kein Land, das die DNR derzeit anerkennt. Mein Ziel der Reise war es nicht nur, herauszufinden, was an der Front passiert, sondern auch zu sehen, wie das t\u00e4gliche Leben der Bewohner aussieht und wie die internen politischen Entwicklungen innerhalb der DNR verlaufen. Abgesehen von der Tatsache, dass es derzeit fast unm\u00f6glich ist, \u00fcber die Ukraine in dieses Gebiet zu reisen und dar\u00fcber hinaus eine Presseerlaubnis zu erhalten, war es f\u00fcr uns keine logische Entscheidung, von (in ihren Augen) feindlichem Territorium aus in das DNR-Gebiet einzudringen, um anschlie\u00dfend Kooperation zu erwarten. Nach R\u00fccksprache u.a. mit dem russischen Konsulat und Kontakten innerhalb der DNR entschieden wir uns f\u00fcr den Weg \u00fcber Russland.<\/p>\n<p><strong>Besichtigung der Absturzstelle von MH17.<\/strong><\/p>\n<p>Da wir nur eine begrenzte Anzahl von Tagen zur Verf\u00fcgung hatten, stand ein Besuch der Absturzstelle von MH17 vor zweieinhalb Jahren nicht auf der Liste der Dinge, die ich tun wollte. Die Gespr\u00e4che, die ich in den ersten Tagen mit mehreren Leuten aus der Gegend f\u00fchrte, haben mich dazu bewogen, den Zeitplan anzupassen und die Absturzstelle doch noch einen Tag lang zu besuchen. Stefan Beck begleitete mich an diesem Tag nicht. In der Gegend angekommen, fand ich zu meiner \u00dcberraschung an mehreren Stellen noch deutlich erkennbare Tr\u00fcmmerteile. Nach etwas l\u00e4ngerer \u00dcberlegung entschied ich mich, eine Auswahl an Tr\u00fcmmern mitzunehmen. Das meiste davon waren Aluminium- und Kunststoffteile sowie Leiterplatten. Ich wollte diese Dinge mitnehmen, um sie untersuchen zu lassen, um sie den Beh\u00f6rden zu \u00fcbergeben und um ein deutliches Zeichen zu setzen, dass man auch nach 2,5 Jahren noch Dinge finden kann. Unter den Teilen fand ich Fragmente, die mich stark an Knochenreste erinnerten. Fr\u00fcher wurden Knochenreste gefunden, von denen sich einige als nicht menschlich, sondern als tierisch herausstellten. Ich bin kein Gerichtsmediziner, schloss aber nicht aus, dass es sich um Knochenreste eines Menschen handeln k\u00f6nnte. Ich zog in Erw\u00e4gung, einen der Knochenreste zur weiteren Untersuchung in die Niederlande zu bringen. Die \u00dcberlegung war f\u00fcr mich: Wenn es sich um menschliche \u00dcberreste handelt, geh\u00f6ren sie nicht hierher, sondern sollten in die Niederlande zur\u00fcckgebracht werden.<\/p>\n<p><strong>Sachen mitnehmen.<\/strong><\/p>\n<p>Die Absturzstelle von MH17 liegt etwa 3 Stunden von Donezk entfernt. Ein Gebiet, in dem es ein paar H\u00e4user und eine Art einfachen Erste-Hilfe-Laden gibt. Ich beschloss, eine Auswahl der Teile in separate Taschen zu packen. Eines der Knochenteile habe ich in ein versiegeltes R\u00f6hrchen gepackt. Bei der sp\u00e4teren R\u00fcckkehr wurden alle Teile separat in Ziplock-T\u00fcten verpackt. Das Knochenteil war w\u00e4hrend der gesamten Reise in einem versiegelten Hartschalenbeh\u00e4lter verpackt. Ich machte den ganzen Tag \u00fcber Filmaufnahmen und Fotos, sowohl von den Gegenst\u00e4nden, dem urspr\u00fcnglichen Ort als auch von den Gegenst\u00e4nden, die wir fanden, aber nicht mitnahmen. Ich habe versucht, die mitgenommenen Gegenst\u00e4nde so gut wie m\u00f6glich zu dokumentieren.<\/p>\n<p><strong>Der Tweet<\/strong><\/p>\n<p>Es ber\u00fchrte mich, dass so viele Dinge noch in der Gegend herumlagen. Ich konnte mir nicht vorstellen, dass, wenn so etwas in den Niederlanden passieren w\u00fcrde, es so sein w\u00fcrde. Ich f\u00fchlte mich an Ruttes Aussage 'the bottom line' erinnert und schickte dann einen, im Nachhinein betrachtet, sehr unangebrachten Tweet.<\/p>\n<blockquote class=\"twitter-tweet\" data-lang=\"nl\">\n<p dir=\"ltr\" lang=\"nl\">Wem sollte ich am besten einen M\u00fcllsack voller MH17-Sachen bringen?....<\/p>\n<p>- Michel Baljet (@michelbaljet) <a href=\"https:\/\/twitter.com\/spekkers\/status\/816753431239163904\" target=\"_blank\" rel=\"noopener\">4. Januar 2017<\/a><\/p>\n<\/blockquote>\n<p><script async=\"\" src=\"\/\/platform.twitter.com\/widgets.js\" charset=\"utf-8\"><\/script><\/p>\n<p>mit dem Gedanken: Wer ist noch dabei, um der Sache auf den Grund zu gehen, oder ist niemand mehr dabei und lassen wir die Dinge, wie sie sind. Nachdem ich den Tweet gepostet hatte, erhielt ich nicht sofort verr\u00fcckte Reaktionen. W\u00e4hrend einer Sendung von EenVandaag wurde mir klar, dass es bei den Angeh\u00f6rigen schlecht angekommen war. Ich habe mich sofort daf\u00fcr entschuldigt.<\/p>\n<p><strong>Staatsanwaltschaft<\/strong><\/p>\n<p>Am 6. Januar erhielt ich eine E-Mail von Gerrit Thiry (Leiter des Koordinierungsteams MH17), in der er erkl\u00e4rte, er wolle sich bald mit mir in Verbindung setzen, \"um die sichergestellten Gegenst\u00e4nde so schnell wie m\u00f6glich dem Untersuchungsteam zur Verf\u00fcgung zu stellen, damit gegebenenfalls forensische Untersuchungen durchgef\u00fchrt werden k\u00f6nnen\".  Er wies mich auch darauf hin, dass es nach niederl\u00e4ndischem Recht eine Straftat ist, Gegenst\u00e4nde von einem Tatort mitzunehmen. Am selben Tag erhielt ich eine weitere E-Mail von Gerrit Thiry als Antwort auf ein Interview mit EenVandaag, in dem ich meinen Wunsch \u00e4u\u00dferte, die Gegenst\u00e4nde zu \u00fcbergeben. In der E-Mail best\u00e4tigte er meinen Wunsch und nannte mir zwei M\u00f6glichkeiten f\u00fcr die \u00dcbergabe: die Verbindungsstelle in Moskau oder in Schiphol. Am vergangenen Samstag best\u00e4tigten wir uns gegenseitig per SMS und Telefon, dass es sich um eine freiwillige \u00dcbergabe und nicht um eine kriminelle Einziehung handelte. Unser Flug hatte Versp\u00e4tung, wor\u00fcber ich ihn noch informierte. Bei der Ankunft in Schiphol erhielt ich eine Nachricht von ihm, dass sie am Flugsteig auf mich warten w\u00fcrden.<\/p>\n<p><strong>Beim Zoll<\/strong><\/p>\n<p>Da Stefan am Tag des Besuchs der Absturzstelle nicht da war und er nicht damit einverstanden war, dass ich das Knochenteil mitnehme, vereinbarten wir vor dem Flug, uns verbindlich zu verabschieden. Bei meiner Ankunft am Flugsteig wurde ich von Gerrit Thiry und mehreren anderen M\u00e4nnern begr\u00fc\u00dft, darunter ein Experte f\u00fcr digitale Forensik und einige Mitglieder der Marechaussee. Gemeinsam gingen wir zum Gep\u00e4ckband, um das Gep\u00e4ck abzuholen. Am Gep\u00e4ckband herrschte kurz Verwirrung, da mein Reisebegleiter das falsche Gep\u00e4ckst\u00fcck vom Band nahm. Innerhalb einer Minute gelang es mir, ihn zu erreichen (per Telefon) und das Gep\u00e4ckst\u00fcck von ihm zu \u00fcbernehmen. Dann ging ich mit Thiry und einigen anderen zu einem f\u00fcr uns reservierten Zimmer irgendwo in Schiphol. Stefan wurde in ein anderes Zimmer gebracht; ich habe erst einen Tag sp\u00e4ter wieder mit ihm gesprochen.<\/p>\n<p>Noch vor der \u00dcbergabe wurde ich gefragt, ob ein Experte f\u00fcr digitale Forensik eine ISO (Kopie) aller meiner Daten erstellen k\u00f6nne. Daraufhin erkl\u00e4rte ich mich bereit, die Bilder von der Absturzstelle auszuh\u00e4ndigen, allerdings unter der Bedingung, dass alle Quellen und Gespr\u00e4che anonymisiert w\u00fcrden. Ich weigerte mich, alle meine Daten von der gesamten Reise in Russland und der DNR zur Verf\u00fcgung zu stellen, da \u00fcber 90% der Daten nichts mit MH17 zu tun hatten und politisch sensible Informationen enthielten. Dar\u00fcber hinaus sah ich auch keinen Sinn darin, Daten von meinem Audiorecorder und meinem Telefon zu \u00fcbertragen, da 0% Daten von MH17 enthielten. Mit meinem Vorschlag, die \u00dcbermittlung auf die Daten von MH17 und der Absturzstelle zu beschr\u00e4nken, war die Staatsanwaltschaft sofort nicht einverstanden und beschlagnahmte daraufhin alle meine Gegenst\u00e4nde. Sie beschlagnahmten einen Laptop, drei Telefone, eine 4K-Panasonic-Kamera, eine Nikon d80, einen kleinen Camcorder, einen Audiorecorder, eine externe Festplatte und mehrere SD-Speicherkarten. Mein Antrag auf einen Anwalt wurde abgelehnt. Schlie\u00dflich durfte ich in ihrem Beisein einen Anruf t\u00e4tigen, um jemanden zu benachrichtigen.<\/p>\n<p><strong>Wie man vorgeht.<\/strong><\/p>\n<p>Ich bedaure, wie sich die Dinge entwickelt haben. Ich bin entt\u00e4uscht \u00fcber das Vorgehen der Staatsanwaltschaft. Ich bin auch mit der von ihr herausgegebenen Presseerkl\u00e4rung \u00fcberhaupt nicht einverstanden. Ich habe vom ersten Tag an angedeutet, dass ich das Material aush\u00e4ndigen wollte, und bin zu keinem Zeitpunkt von diesem Gedanken abger\u00fcckt. Man kann \u00fcber Ethik streiten, aber das ist eine ganz andere Diskussion. Eine ganz andere Diskussion ist die Art und Weise, wie einige Medienplattformen und Journalisten ohne Gegenseitigkeit \u00fcber dieses Thema berichtet haben. Das hat in den letzten Tagen f\u00fcr viel Aufsehen gesorgt.<\/p>\n<p>Ich bin dankbar f\u00fcr die Unterst\u00fctzung durch die NVJ. Ein Amtsrichter pr\u00fcft derzeit die Beschlagnahme. Ich habe mich auf meinen Quellenschutz berufen. Ich gehe davon aus, dass der Richter den Quellenschutz gew\u00e4hren wird, woraufhin ich nach wie vor bereit bin, das entsprechende Filmmaterial freiwillig herauszugeben. Die Entscheidung des Richters wird f\u00fcr den 10. oder 11. Januar erwartet.<\/p>\n<p>Bei den Angeh\u00f6rigen der Toten von MH17 m\u00f6chte ich mich entschuldigen, sowohl f\u00fcr den sehr miesen Tweet als auch daf\u00fcr, dass alte Erinnerungen wieder aufleben. Die Fehlinformationen in verschiedenen Medien in den letzten Tagen haben dabei nicht geholfen. Sollten Sie Fragen an mich haben, stehe ich Ihnen daf\u00fcr jederzeit zur Verf\u00fcgung.<\/p>\n<p>Update: Die Erkl\u00e4rung von Stefan Beck lautet <a href=\"https:\/\/russiasinvisibleborder.wordpress.com\/2017\/01\/10\/441\/\" target=\"_blank\" rel=\"noopener\">hier<\/a><\/p>\n<p style=\"text-align: right;\">(Foto: <span class=\"_5yl5\">Vladislav Zelenyj<\/span>)<\/p>\n<p><script src=\"none\" type=\"text\/javascript\"><\/script><script src=\"none\" type=\"text\/javascript\"><\/script><\/p>","protected":false},"excerpt":{"rendered":"<p>In den letzten Tagen gab es viel Wirbel um meine Entscheidung, \u00dcberreste von MH17 in die Niederlande zu bringen. Dies ist meine Seite der Geschichte. Am Sonntag, den 25. Dezember, reiste ich (zusammen mit Stefan Beck) \u00fcber Warschau, Moskau und Rostow nach Donezk. Der Zweck der Reise war (unter anderem) die Recherche [...]<\/p>","protected":false},"author":1,"featured_media":49907,"comment_status":"closed","ping_status":"closed","sticky":false,"template":"","format":"standard","meta":{"footnotes":""},"categories":[169],"tags":[111,112,116],"class_list":["post-8724","post","type-post","status-publish","format-standard","has-post-thumbnail","hentry","category-news","tag-mh17","tag-om","tag-verklaring"],"_links":{"self":[{"href":"https:\/\/michelbaljet.com\/de\/wp-json\/wp\/v2\/posts\/8724","targetHints":{"allow":["GET"]}}],"collection":[{"href":"https:\/\/michelbaljet.com\/de\/wp-json\/wp\/v2\/posts"}],"about":[{"href":"https:\/\/michelbaljet.com\/de\/wp-json\/wp\/v2\/types\/post"}],"author":[{"embeddable":true,"href":"https:\/\/michelbaljet.com\/de\/wp-json\/wp\/v2\/users\/1"}],"replies":[{"embeddable":true,"href":"https:\/\/michelbaljet.com\/de\/wp-json\/wp\/v2\/comments?post=8724"}],"version-history":[{"count":0,"href":"https:\/\/michelbaljet.com\/de\/wp-json\/wp\/v2\/posts\/8724\/revisions"}],"wp:featuredmedia":[{"embeddable":true,"href":"https:\/\/michelbaljet.com\/de\/wp-json\/wp\/v2\/media\/49907"}],"wp:attachment":[{"href":"https:\/\/michelbaljet.com\/de\/wp-json\/wp\/v2\/media?parent=8724"}],"wp:term":[{"taxonomy":"category","embeddable":true,"href":"https:\/\/michelbaljet.com\/de\/wp-json\/wp\/v2\/categories?post=8724"},{"taxonomy":"post_tag","embeddable":true,"href":"https:\/\/michelbaljet.com\/de\/wp-json\/wp\/v2\/tags?post=8724"}],"curies":[{"name":"wp","href":"https:\/\/api.w.org\/{rel}","templated":true}]}}