{"id":11,"date":"2014-04-01T17:10:00","date_gmt":"2014-04-01T17:10:00","guid":{"rendered":"http:\/\/michelspekkers.nl\/uncategorized\/venezuela-1-de-moeders-zijn-de-baas\/"},"modified":"2026-01-29T14:23:53","modified_gmt":"2026-01-29T14:23:53","slug":"venezuela-1-las-madres-mandan","status":"publish","type":"post","link":"https:\/\/michelbaljet.com\/es\/venezuela-1-las-madres-mandan\/","title":{"rendered":"Venezuela 1: Las madres mandan."},"content":{"rendered":"<div class=\"_38 direction_ltr\">\n<p><strong>Cuando llegu\u00e9, todo estaba bastante tranquilo, pero enseguida se percibi\u00f3 un ambiente tenso. La gente estaba alerta, algunas de las barricadas del d\u00eda anterior segu\u00edan all\u00ed y al final de la calle pude ver los veh\u00edculos blindados del ej\u00e9rcito listos para partir. Aun as\u00ed, me dijo mi gu\u00eda, hoy era un d\u00eda m\u00e1s tranquilo de lo habitual: las contramanifestaciones de las \u00faltimas semanas han hecho mella en la gente de la zona. Est\u00e1n cansados, pero sobre todo asustados. \"\u00bfQu\u00e9 es un palo y una lata que tenemos contra sus armas? No podemos resistirlo!\". Al pasar junto a la se\u00f1al de \"emplazamiento militar\", entramos en el barrio donde creci\u00f3.<\/strong><\/p>\n<p><!-- more --><\/p>\n<p>Ese mismo d\u00eda, di un paseo por las plazas de San Crist\u00f3bal (Venezuela) y entabl\u00e9 conversaci\u00f3n con varios partidarios y detractores del Gobierno actual. Aqu\u00ed las emociones est\u00e1n a flor de piel cuando se trata de pol\u00edtica, pero tomando una cerveza se puede decir (casi) cualquier cosa. En un momento as\u00ed, da igual estar a favor o en contra. En el centro de la ciudad, todo est\u00e1 relativamente tranquilo y la vida cotidiana, el mercado y todo lo dem\u00e1s sigue como siempre. `<\/p>\n<p>Mi gu\u00eda, (llam\u00e9mosle Eduardo) y yo nos adentramos en su barrio, habla sin tapujos del barrio donde ha vivido toda su vida, aunque a veces baja el volumen de voz y mira a su alrededor cuando empieza a hablar, por ejemplo, de su decisi\u00f3n de querer irse de Venezuela por todo lo que est\u00e1 pasando ahora y huir a Colombia.<\/p>\n<p>El vecindario se conoce y, aunque en el barrio de Eduardo hay relativamente muchos delincuentes, ocurre relativamente poco. Esto se debe a la llamada l\u00ednea de \"no tocar\" -nosotros nos conocemos- que discurre fuera del barrio. Lo que hagas fuera es cosa tuya, pero no mees en el barrio donde vives.<\/p>\n<p>Mientras caminamos, o\u00edmos frente a nosotros los disparos que se acercan constantemente, me dicen que se trata de un peque\u00f1o levantamiento en el anillo exterior del barrio. En medio, reconstruyen las barricadas - retiradas por el ej\u00e9rcito - y los padres montan guardia en los tejados de las casas. Nos dicen varias veces que no es prudente continuar. Nos cruzamos regularmente con grupos de mujeres que discuten afanosamente.<\/p>\n<p>Eduardo tiene agallas, el estudiante de TIC que apenas se ha inmiscuido en lo que ocurr\u00eda en el barrio \u00faltimamente. Por dos razones, indica; \"mi hermana que vive conmigo y mi futuro\" como estudiante de TIC, depende en gran medida del gobierno para trabajar. A\u00fan as\u00ed, quiere ense\u00f1\u00e1rmelo todo y habla abiertamente de los pros y los contras y deja que otros de su barrio hagan lo mismo.<\/p>\n<p>Me alegr\u00e9 de que esta primera noche hubiera bastante silencio en la calle, me dio tiempo para hablar con todo el mundo tranquilamente y tambi\u00e9n hubo varios momentos en los que me recordaron que estos pocos d\u00edas de descanso (desde el jueves\/viernes pasado) no eran un signo de debilidad. \"A veces es mejor retirarse un tiempo para volver m\u00e1s fuerte. La vida en el distrito contin\u00faa, pero est\u00e1 paralizada en algunas zonas, algunas escuelas est\u00e1n cerradas y el suministro de alimentos ya era dif\u00edcil y las barricadas no lo ponen f\u00e1cil.<\/p>\n<p>Lo que m\u00e1s me llam\u00f3 la atenci\u00f3n fue que \"las madres mandan\". Las manifestantes no se amilanan ante nada f\u00e1cilmente pero si mam\u00e1 dice que se haga, se hace y no de otra manera. Hasta ahora las madres todav\u00eda no se lo creen, as\u00ed que las manifestaciones continuar\u00e1n, o no aumentar\u00e1n. Si depende de las madres, la resistencia a lo que consideran una gran injusticia no ha terminado. Las madres, y con ellas sus manifestantes, est\u00e1n lejos de estar cansadas.<\/p>\n<\/div>","protected":false},"excerpt":{"rendered":"<p>Cuando llegu\u00e9, todo estaba bastante tranquilo, pero enseguida se percibi\u00f3 un ambiente tenso. La gente estaba alerta, algunas de las barricadas del d\u00eda anterior segu\u00edan all\u00ed y al final de la calle pude ver los veh\u00edculos blindados del ej\u00e9rcito. Aun as\u00ed, mi gu\u00eda consigui\u00f3 decirme que era [...]<\/p>","protected":false},"author":1,"featured_media":0,"comment_status":"closed","ping_status":"closed","sticky":false,"template":"","format":"standard","meta":{"footnotes":""},"categories":[156],"tags":[74,85,40],"class_list":["post-11","post","type-post","status-publish","format-standard","hentry","category-add","tag-ooggetuige","tag-san-cristobal","tag-venezuela"],"_links":{"self":[{"href":"https:\/\/michelbaljet.com\/es\/wp-json\/wp\/v2\/posts\/11","targetHints":{"allow":["GET"]}}],"collection":[{"href":"https:\/\/michelbaljet.com\/es\/wp-json\/wp\/v2\/posts"}],"about":[{"href":"https:\/\/michelbaljet.com\/es\/wp-json\/wp\/v2\/types\/post"}],"author":[{"embeddable":true,"href":"https:\/\/michelbaljet.com\/es\/wp-json\/wp\/v2\/users\/1"}],"replies":[{"embeddable":true,"href":"https:\/\/michelbaljet.com\/es\/wp-json\/wp\/v2\/comments?post=11"}],"version-history":[{"count":1,"href":"https:\/\/michelbaljet.com\/es\/wp-json\/wp\/v2\/posts\/11\/revisions"}],"predecessor-version":[{"id":51160,"href":"https:\/\/michelbaljet.com\/es\/wp-json\/wp\/v2\/posts\/11\/revisions\/51160"}],"wp:attachment":[{"href":"https:\/\/michelbaljet.com\/es\/wp-json\/wp\/v2\/media?parent=11"}],"wp:term":[{"taxonomy":"category","embeddable":true,"href":"https:\/\/michelbaljet.com\/es\/wp-json\/wp\/v2\/categories?post=11"},{"taxonomy":"post_tag","embeddable":true,"href":"https:\/\/michelbaljet.com\/es\/wp-json\/wp\/v2\/tags?post=11"}],"curies":[{"name":"wp","href":"https:\/\/api.w.org\/{rel}","templated":true}]}}