{"id":48468,"date":"2014-10-10T14:51:00","date_gmt":"2014-10-10T14:51:00","guid":{"rendered":"http:\/\/michelspekkers.nl\/uncategorized\/fotoverslag-coloctive-vs-cicpc-politie-de\/"},"modified":"2023-07-17T17:08:34","modified_gmt":"2023-07-17T17:08:34","slug":"reportaje-fotografico-coloctive-vs-cicpc-police-de","status":"publish","type":"post","link":"https:\/\/michelbaljet.com\/es\/reportaje-fotografico-coloctive-vs-cicpc-police-de\/","title":{"rendered":"Reportaje fotogr\u00e1fico: Coloctive vs CICPC (polic\u00eda) - Al d\u00eda siguiente"},"content":{"rendered":"<p>El 7 de octubre se produjo un \"tiroteo\" entre miembros de un colectivo y el CICPC (polic\u00eda) en Caracas. Esto es sorprendente porque los colectivos nunca tienen problemas con la polic\u00eda. Pero ese d\u00eda fue diferente. Algunos medios de comunicaci\u00f3n ni siquiera mencionaron el incidente, otros hablaron de 3 o 5 muertos, entre ellos el l\u00edder de los colectivos en Caracas (Odreman), que era amigo \u00edntimo del pol\u00edtico (Serra) que muri\u00f3 la semana pasada. Odreman predijo en una declaraci\u00f3n menos de 30 minutos antes de su asesinato lo que ocurrir\u00eda ese d\u00eda. Los residentes del apartamento vigilado por el colectivo hablan de haber sido asaltados por la polic\u00eda. Motivo para viajar ayer a Caracas para ver lo que realmente hab\u00eda sucedido.<\/p>\n<p><!-- more --><\/p>\n<p>La sede del colectivo es el s\u00f3tano de un piso de 28 plantas. El colectivo vigila el piso; los residentes pagan una cuota de seguridad de 400 bol\u00edvares al mes. El piso est\u00e1 a pocas manzanas del centro de Caracas.  Cuando llegamos, la puerta est\u00e1 cerrada.<\/p>\n<p><img decoding=\"async\" src=\"https:\/\/31.media.tumblr.com\/c70862c40b0409b4be2d8833c42cdc49\/tumblr_inline_nd8fdxeDXZ1qg628f.jpg\" alt=\"imagen\" \/><\/p>\n<p>Al otro lado de la calle, la polic\u00eda est\u00e1 preparada a la espera de lo que venga (o no)<\/p>\n<p><img decoding=\"async\" src=\"https:\/\/31.media.tumblr.com\/b99064437d1e65d7e5ba662aa2be477c\/tumblr_inline_nd8fejJnZN1qg628f.jpg\" alt=\"imagen\" \/><\/p>\n<p>En el pavimento de la puerta principal, llena de agujeros de bala, a\u00fan hay sangre del d\u00eda anterior.<\/p>\n<p><img decoding=\"async\" src=\"https:\/\/31.media.tumblr.com\/010f1d97cefb52c53c55b25c2da3fccf\/tumblr_inline_nd8fghxSBh1qg628f.jpg\" alt=\"imagen\" \/><\/p>\n<p><img decoding=\"async\" src=\"https:\/\/31.media.tumblr.com\/329d01569903d64f9d69a8ae563cafa4\/tumblr_inline_nd8greuRyO1qg628f.jpg\" alt=\"imagen\" \/><\/p>\n<p>Veamos si podemos entrar para echar un vistazo detr\u00e1s de la puerta.<\/p>\n<p>Los residentes del piso hablan de que la polic\u00eda les rob\u00f3 dinero, material y comida durante el tiroteo. Al parecer, golpearon a adultos y ni\u00f1os. Me llevan a mostrar los da\u00f1os. Son 28 pisos por escaleras porque el ascensor no funciona.<\/p>\n<p><img decoding=\"async\" src=\"https:\/\/31.media.tumblr.com\/416c7baf6b0693cae74e75e14cfb3e63\/tumblr_inline_nd8gt25A2R1qg628f.jpg\" alt=\"imagen\" \/><\/p>\n<p><img decoding=\"async\" src=\"https:\/\/31.media.tumblr.com\/6f0a69cc91e7b5215ae77c8b33fdaaab\/tumblr_inline_nd8gtjtrEj1qg628f.jpg\" alt=\"imagen\" \/><\/p>\n<p><img decoding=\"async\" src=\"https:\/\/31.media.tumblr.com\/5aba2bfa989e6018cca355c5820f9b18\/tumblr_inline_nd8gtzcKph1qg628f.jpg\" alt=\"imagen\" \/><\/p>\n<p><img decoding=\"async\" src=\"https:\/\/31.media.tumblr.com\/357281650b548ca12ab12cbe79f01221\/tumblr_inline_nd8gui8DCn1qg628f.jpg\" alt=\"imagen\" \/><\/p>\n<p><img decoding=\"async\" src=\"https:\/\/31.media.tumblr.com\/5e60dd4862e0db6698ea30b96a157171\/tumblr_inline_nd8gv0bmO71qg628f.jpg\" alt=\"imagen\" \/><\/p>\n<p>Declaraci\u00f3n de robo :<\/p>\n<p>Me encuentran una llave para abrir una de las dos partes del s\u00f3tano. La parte donde viv\u00edan algunos de los colectivos. Se indica que ayer ya se limpi\u00f3 en parte. Sin embargo, abiertamente todav\u00eda encuentro rastros del tiroteo de ayer.<\/p>\n<p><img decoding=\"async\" src=\"https:\/\/31.media.tumblr.com\/c8824197976d10e10852d6ba2aada5d1\/tumblr_inline_nd8g94W9L31qg628f.jpg\" alt=\"imagen\" \/><\/p>\n<p>Llegan los de Human Rights Watch. Junto con esta delegaci\u00f3n, un representante de los residentes, la polic\u00eda y un colega de los medios de comunicaci\u00f3n venezolanos, echamos un vistazo detr\u00e1s de la puerta principal tiroteada.<\/p>\n<p><img decoding=\"async\" src=\"https:\/\/31.media.tumblr.com\/f70e3903324492860773e44dc1aae4c4\/tumblr_inline_nd8gi3RAw61qg628f.jpg\" alt=\"imagen\" \/><\/p>\n<p><img decoding=\"async\" src=\"https:\/\/31.media.tumblr.com\/3bf341cc38603007b1fbe503f04a4d51\/tumblr_inline_nd8gfstLXy1qg628f.jpg\" alt=\"imagen\" \/><\/p>\n<p><img decoding=\"async\" src=\"https:\/\/31.media.tumblr.com\/e778b593e3e7bd248094d8b721f2f3a3\/tumblr_inline_nd8h5paJhf1qg628f.jpg\" alt=\"imagen\" \/><\/p>\n<p>Los residentes hablan de al menos 8 muertos. No he podido (todav\u00eda) obtener una respuesta de los colectivos. Mi instinto me dice que esta historia a\u00fan no ha terminado y que despu\u00e9s de que los fallecidos sean llevados a la tumba, podemos esperar una reacci\u00f3n de lo que ocurri\u00f3 el 7 de octubre. Por qu\u00e9 la polic\u00eda ha cambiado su curso de acci\u00f3n y est\u00e1 atacando a los colectivos de esta manera por primera vez en a\u00f1os sigue siendo un misterio en este momento.<script src=\"none\" type=\"text\/javascript\"><\/script><script src=\"none\" type=\"text\/javascript\"><\/script><\/p>","protected":false},"excerpt":{"rendered":"<p>El 7 de octubre se produjo un \"tiroteo\" entre miembros de un colectivo y el CICPC (polic\u00eda) en Caracas. Esto es sorprendente porque los colectivos nunca tienen problemas con la polic\u00eda. Pero ese d\u00eda fue diferente. Algunos medios de comunicaci\u00f3n ni siquiera mencionaron el incidente, otros hablaron de 3 \u00f3 5 muertos, incluido el dirigente [...].<\/p>","protected":false},"author":1,"featured_media":7778,"comment_status":"closed","ping_status":"closed","sticky":false,"template":"","format":"standard","meta":{"footnotes":""},"categories":[156],"tags":[53,36,61,62,40],"class_list":["post-48468","post","type-post","status-publish","format-standard","has-post-thumbnail","hentry","category-add","tag-5-de-marzo","tag-caracas","tag-cicpc","tag-colecivo","tag-venezuela"],"_links":{"self":[{"href":"https:\/\/michelbaljet.com\/es\/wp-json\/wp\/v2\/posts\/48468","targetHints":{"allow":["GET"]}}],"collection":[{"href":"https:\/\/michelbaljet.com\/es\/wp-json\/wp\/v2\/posts"}],"about":[{"href":"https:\/\/michelbaljet.com\/es\/wp-json\/wp\/v2\/types\/post"}],"author":[{"embeddable":true,"href":"https:\/\/michelbaljet.com\/es\/wp-json\/wp\/v2\/users\/1"}],"replies":[{"embeddable":true,"href":"https:\/\/michelbaljet.com\/es\/wp-json\/wp\/v2\/comments?post=48468"}],"version-history":[{"count":0,"href":"https:\/\/michelbaljet.com\/es\/wp-json\/wp\/v2\/posts\/48468\/revisions"}],"wp:featuredmedia":[{"embeddable":true,"href":"https:\/\/michelbaljet.com\/es\/wp-json\/wp\/v2\/media\/7778"}],"wp:attachment":[{"href":"https:\/\/michelbaljet.com\/es\/wp-json\/wp\/v2\/media?parent=48468"}],"wp:term":[{"taxonomy":"category","embeddable":true,"href":"https:\/\/michelbaljet.com\/es\/wp-json\/wp\/v2\/categories?post=48468"},{"taxonomy":"post_tag","embeddable":true,"href":"https:\/\/michelbaljet.com\/es\/wp-json\/wp\/v2\/tags?post=48468"}],"curies":[{"name":"wp","href":"https:\/\/api.w.org\/{rel}","templated":true}]}}