{"id":49682,"date":"2023-07-23T17:47:06","date_gmt":"2023-07-23T17:47:06","guid":{"rendered":"https:\/\/michelbaljet.com\/?p=49682"},"modified":"2024-06-02T18:55:51","modified_gmt":"2024-06-02T18:55:51","slug":"333-dias-en-un-frente-desconocido","status":"publish","type":"post","link":"https:\/\/michelbaljet.com\/es\/333-dias-en-un-frente-desconocido\/","title":{"rendered":"333 d\u00edas en un frente desconocido"},"content":{"rendered":"<p>A veces decimos que es f\u00e1cil hablar en retrospectiva. Y estoy de acuerdo, a veces esa afirmaci\u00f3n es bastante simplista. Como investigador, con las zonas de conflicto y crisis como campo de trabajo, me he familiarizado con la incertidumbre y el caos, con enfrentarme a peligros de vez en cuando. He conseguido resistir en algunas de las regiones m\u00e1s inestables de nuestro planeta. Sin embargo, el enemigo con el que me encontr\u00e9 hace 333 d\u00edas era uno para el que nunca estuve preparado. Este enemigo invisible en la tierra de los ciegos, me arrebat\u00f3 de mis l\u00edneas de frente familiares y me coloc\u00f3 en una completamente diferente: 333 d\u00edas en una l\u00ednea de frente desconocida...<em>.<\/em><\/p>\r\n\r\n\r\n\r\n<p>&nbsp;<\/p>\r\n\r\n\r\n\r\n<h2 id=\"h-verloren-in-de-chaos\" class=\"wp-block-heading has-medium-font-size\"><strong>Perdidos en el caos<\/strong><\/h2>\r\n\r\n\r\n\r\n<p>All\u00ed yac\u00eda yo, en cuidados intensivos, a un mundo de distancia de los lugares donde una vez investigu\u00e9 e inform\u00e9. Los recuerdos del caos y la violencia de la \u00faltima d\u00e9cada parec\u00edan a\u00fan m\u00e1s lejanos en aquel momento. Acababa de hacerle a mytje la se\u00f1al de OK de los buzos y recib\u00ed una de vuelta de ella, lo que significaba que pod\u00eda verme y que yo segu\u00eda all\u00ed. Ten\u00eda las manos atadas a la cama con unas suaves \"esposas\" y una serpiente en la garganta me imped\u00eda hablar. Cables y mangueras iban de distintas partes de mi cuerpo a m\u00e1quinas que pitaban en la pared. En el delirio, me imaginaba a veces que esos armarios eran alimentados de vez en cuando por las enfermeras con col fresca y otras verduras, que cortaban frescas sobre una mesa, tras lo cual entraban en mi ingle y flu\u00edan hacia mi cuerpo a trav\u00e9s de peque\u00f1os tubos. De vez en cuando comprobaban mis valores sangu\u00edneos para ver si era necesario a\u00f1adir m\u00e1s col o zanahorias, durante mi delirio ve\u00eda m\u00e1s que no coincid\u00edan con la realidad.\u00a0<\/p>\r\n\r\n\r\n\r\n<p>&nbsp;<\/p>\r\n\r\n\r\n\r\n<h2 class=\"wp-block-heading has-medium-font-size\"><strong>La se\u00f1al de buceo de que todo iba bien no era una conclusi\u00f3n previsible<\/strong><\/h2>\r\n\r\n\r\n\r\n<p>Dar la se\u00f1al de buceo a Mijntje -que todo iba bien- result\u00f3 no ser tan obvio en retrospectiva. S\u00f3lo m\u00e1s tarde aprend\u00ed que las decisiones que parec\u00edan bien meditadas de antemano tienen mucho m\u00e1s peso a la hora de la verdad. Sobre todo cuando esas decisiones implican a alguien cercano y tienes que tomarlas en un entorno menos protegido que una agradable conversaci\u00f3n con una buena copa de vino. S\u00f3lo m\u00e1s tarde comprend\u00ed lo mal que hab\u00eda puesto a alguien en un aprieto con esto.<\/p>\r\n\r\n\r\n\r\n<blockquote class=\"wp-block-quote is-layout-flow wp-block-quote-is-layout-flow\">\r\n<blockquote class=\"wp-block-quote is-layout-flow wp-block-quote-is-layout-flow\">\r\n<p>Como te habr\u00e1s dado cuenta, me resulta dif\u00edcil hablar de este tema. Aunque me esfuerzo por ser abierto al respecto como siempre, es importante protegerme a m\u00ed mismo y a los que me rodean. Hago lo que puedo, pero pido comprensi\u00f3n. No obstante, a partir de aqu\u00ed.<\/p>\r\n<\/blockquote>\r\n\r\n\r\n\r\n<p>&nbsp;<\/p>\r\n<\/blockquote>\r\n\r\n\r\n\r\n<h2 class=\"wp-block-heading has-medium-font-size\"><strong>Sue\u00f1os o realidad<\/strong><\/h2>\r\n\r\n\r\n\r\n<p>Muchos de los detalles de lo que ocurri\u00f3 en los primeros d\u00edas en el hospital no me llegaron, o se me escaparon m\u00e1s tarde. No pude atar cabos hasta m\u00e1s tarde. Fueron conversaciones, cartas de pacientes y ataques de memoria los que me ayudaron a unir las piezas del rompecabezas. Recuerdo parte del vuelo de vuelta a los Pa\u00edses Bajos, la llegada al aeropuerto, nuestro regreso a casa. Recuerdo estar en el m\u00e9dico de cabecera, en el hospital, y luego una fuerte presi\u00f3n en el pecho. Creo que intentaba evitar con las manos y los brazos que me volvieran a presionar el pecho. M\u00e1s tarde oir\u00eda que tuvieron que reanimarme. Pero si ahora me preguntan si lo que recuerdo fue un sue\u00f1o o la realidad, no me atrever\u00eda a poner la mano en el fuego por ello. Los d\u00edas y semanas que siguieron fueron una mezcla de realidad e ilusi\u00f3n, una experiencia que no le desear\u00eda a nadie.<\/p>\r\n\r\n\r\n\r\n<p>Mi cuerpo estaba d\u00e9bil. Incluso sentarme erguida era una tarea ingente. En los primeros d\u00edas, parec\u00eda como si estuviera pegado a la cama del hospital como un im\u00e1n Los cables y tubos conectados a m\u00ed fueron disminuyendo d\u00eda a d\u00eda, hasta que finalmente incluso el gotero fue desconectado y retirado de mi mano, ahora muy d\u00e9bil. Creo que intervinieron en mi caso especialistas de casi todos los departamentos. Me administraron docenas de tipos de medicaci\u00f3n, pero cada d\u00eda me parec\u00eda un nuevo paso, a veces incluso una victoria, por peque\u00f1a que fuera.<\/p>\r\n\r\n\r\n\r\n<p>En la pizarra a los pies de mi cama figuraba mi peso, entre otras cosas. Empez\u00f3 en 77,5 kg y baj\u00f3 a 62,4 kg en s\u00f3lo una semana. Eso supone m\u00e1s de 15 kg de l\u00edquido abandonando mi cuerpo. Aunque nunca fui especialmente pesado, sobre todo en los \u00faltimos a\u00f1os, durante el proceso de rehabilitaci\u00f3n posterior volv\u00ed a acercarme gradualmente a los 80 kg.<\/p>\r\n\r\n\r\n\r\n<p>&nbsp;<\/p>\r\n\r\n\r\n\r\n<h2 class=\"wp-block-heading has-medium-font-size\"><strong>La sensaci\u00f3n de progreso y la lucha perdurable<\/strong><\/h2>\r\n\r\n\r\n\r\n<p>A veces siento que todav\u00eda me queda mucho camino por recorrer, pero luego, cuando pienso en ese periodo, me doy cuenta de lo lejos que he llegado. Dicen que es as\u00ed: se avanza r\u00e1pidamente a trompicones, pero la recuperaci\u00f3n no es un proceso lineal. Hay momentos en los que se tarda m\u00e1s en sentir que se ha dado un paso adelante, y no todo se puede medir. Lo que s\u00ed s\u00e9 con certeza es que es intenso. Mis d\u00edas est\u00e1n llenos de fisioterapia y terapia ocupacional, nataci\u00f3n, idas y venidas al hospital para hacerme pruebas y mucho m\u00e1s.<\/p>\r\n\r\n\r\n\r\n<p>Han pasado 333 d\u00edas desde que estuve al borde de la muerte, y puedo mirar atr\u00e1s con una perspectiva diferente. No s\u00f3lo el periodo en el hospital, sino tambi\u00e9n el anterior. Despu\u00e9s de estar unos meses en casa y recibir tratamiento diurno, hace una semana y media volv\u00ed a ingresar en la cl\u00ednica de rehabilitaci\u00f3n. Lo que al principio parec\u00eda una lesi\u00f3n hace tres meses result\u00f3 ser un problema m\u00e1s complejo. Tras una operaci\u00f3n hace quince d\u00edas, est\u00e1 prevista otra dentro de unas semanas. Si todo va bien, despu\u00e9s de eso pronto podr\u00e9 trabajar en mi rehabilitaci\u00f3n y volver a donde estaba antes de la \"lesi\u00f3n\", para continuar desde ah\u00ed<\/p>\r\n\r\n\r\n\r\n<p>&nbsp;<\/p>\r\n\r\n\r\n\r\n<h2 class=\"wp-block-heading has-medium-font-size\"><strong>Un enfoque renovado y el camino a seguir<\/strong><\/h2>\r\n\r\n\r\n\r\n<p>Durante los seis primeros meses de mi rehabilitaci\u00f3n, no pod\u00eda pensar en trabajar. Sigue siendo dif\u00edcil, pero, paralelamente a mi rehabilitaci\u00f3n, intento dedicar algo de tiempo a explorar oportunidades. Por ahora, ser\u00e1 en el frente digital, ya que a los dem\u00e1s frentes es dif\u00edcil llegar en silla de ruedas. Adem\u00e1s, mi estado de salud a\u00fan no me permite pensar en irme.<\/p>\r\n\r\n\r\n\r\n<p>Las perspectivas son relativamente buenas y espero tener un panorama a\u00fan mejor dentro de tres meses. Una cosa es segura: esto podr\u00eda haber salido mucho peor. Puede que no sea capaz de hacer todo lo que hac\u00eda antes, pero me ha dado nuevas perspectivas que me permiten hacer ciertas cosas mejor. Esto cambiar\u00e1 mi vida para siempre. Miro de otra manera mis propias capacidades, mi propio cuerpo, pero tambi\u00e9n a mis seres queridos y las cosas esenciales que hacen que la vida merezca la pena, cosas que a veces hab\u00eda perdido de vista.<\/p>\r\n\r\n\r\n\r\n<p>En un futuro pr\u00f3ximo, volver\u00e9 a estar un poco m\u00e1s activo en l\u00ednea. Es posible que de vez en cuando escriba sobre temas diferentes a los que normalmente est\u00e1is acostumbrados, pero espero que no sean menos interesantes.<\/p>","protected":false},"excerpt":{"rendered":"<p>A veces decimos que es f\u00e1cil hablar en retrospectiva. Y estoy de acuerdo, a veces esa afirmaci\u00f3n es bastante simplista. Como investigadora, con las zonas de conflicto y crisis como campo de trabajo, me he familiarizado con la incertidumbre y el caos, con enfrentarme ocasionalmente a peligros. He conseguido mantenerme en [...]<\/p>","protected":false},"author":1,"featured_media":49688,"comment_status":"closed","ping_status":"closed","sticky":false,"template":"","format":"standard","meta":{"footnotes":""},"categories":[157,170],"tags":[122,171],"class_list":["post-49682","post","type-post","status-publish","format-standard","has-post-thumbnail","hentry","category-persoonlijk","category-articles","tag-features","tag-newsfeed"],"_links":{"self":[{"href":"https:\/\/michelbaljet.com\/es\/wp-json\/wp\/v2\/posts\/49682","targetHints":{"allow":["GET"]}}],"collection":[{"href":"https:\/\/michelbaljet.com\/es\/wp-json\/wp\/v2\/posts"}],"about":[{"href":"https:\/\/michelbaljet.com\/es\/wp-json\/wp\/v2\/types\/post"}],"author":[{"embeddable":true,"href":"https:\/\/michelbaljet.com\/es\/wp-json\/wp\/v2\/users\/1"}],"replies":[{"embeddable":true,"href":"https:\/\/michelbaljet.com\/es\/wp-json\/wp\/v2\/comments?post=49682"}],"version-history":[{"count":0,"href":"https:\/\/michelbaljet.com\/es\/wp-json\/wp\/v2\/posts\/49682\/revisions"}],"wp:featuredmedia":[{"embeddable":true,"href":"https:\/\/michelbaljet.com\/es\/wp-json\/wp\/v2\/media\/49688"}],"wp:attachment":[{"href":"https:\/\/michelbaljet.com\/es\/wp-json\/wp\/v2\/media?parent=49682"}],"wp:term":[{"taxonomy":"category","embeddable":true,"href":"https:\/\/michelbaljet.com\/es\/wp-json\/wp\/v2\/categories?post=49682"},{"taxonomy":"post_tag","embeddable":true,"href":"https:\/\/michelbaljet.com\/es\/wp-json\/wp\/v2\/tags?post=49682"}],"curies":[{"name":"wp","href":"https:\/\/api.w.org\/{rel}","templated":true}]}}