{"id":7949,"date":"2015-12-08T10:31:47","date_gmt":"2015-12-08T10:31:47","guid":{"rendered":"http:\/\/michelspekkers.nl\/?p=7949"},"modified":"2023-07-17T20:04:35","modified_gmt":"2023-07-17T20:04:35","slug":"de-la-nada-a-algo-1-de-repente-sabes-que-te-quedaras-sin-casa","status":"publish","type":"post","link":"https:\/\/michelbaljet.com\/es\/de-la-nada-a-algo-1-de-repente-sabes-que-te-quedaras-sin-casa\/","title":{"rendered":"De la nada a algo (1): De repente lo sabes, te vas a quedar sin casa"},"content":{"rendered":"<p>Hay dos formas de repasar mi vida ahora mismo. Podr\u00eda empezar con \"Ex presidiario sin hogar y sin estudios completos busca empleo\" o \"Empresario innovador y galardonado comienza una nueva etapa\". Hay un mundo de diferencia, pero ambas son muy acertadas.<\/p>\n<p><strong>Hace fr\u00edo fuera<\/strong><\/p>\n<p>Creo que estoy resfriado desde el d\u00eda que aterric\u00e9. Mi madre siempre dice en broma: naciste con un resfriado. Yo lo creo as\u00ed. Tampoco creo haber nacido para estas temperaturas en Holanda, lo dije hace 10 a\u00f1os y lo sigo repitiendo. Aun as\u00ed, sigue haciendo fr\u00edo mientras camino hacia los servicios sociales. Aunque he dejado muchas cosas atr\u00e1s, la gran mochila que llevo conmigo sigue pesando. En realidad, deber\u00eda decir que tengo suerte, casi pienso en voz alta, al menos no llueve.<\/p>\n<p><img decoding=\"async\" src=\"https:\/\/publication.blendleimg.com\/publication\/tpomagazine\/2015\/12\/08\/item\/83144\/version\/1\/image\/original\/556274a8d5f4a49d42562c02e59f117ecdd5753b.jpg?w=1200&amp;auto=format&amp;fit=crop&amp;crop=edges%2Centropy%2Cfaces&amp;trim=auto&amp;bg=FFF\" \/><\/p>\n<p><strong>Hora de entrada<\/strong><\/p>\n<p>Resulta que es la hora de entrada cuando entro en el puesto de trabajo de asuntos sociales. Est\u00e1s de suerte, me dice la se\u00f1ora de aspecto amable del mostrador de bienvenida. Te acompa\u00f1o enseguida, no creo que haya nadie m\u00e1s sentado all\u00ed para que te ayuden enseguida. Creo que es la segunda vez en mi vida que necesito ayuda de los servicios sociales, la primera fue en 2006, justo despu\u00e9s de mi condena a prisi\u00f3n, cuando el contacto con los servicios sociales dur\u00f3 poco.<\/p>\n<p>Estoy aqu\u00ed porque la se\u00f1ora del mostrador del ayuntamiento me remiti\u00f3; en el ayuntamiento estaba porque la se\u00f1ora del albergue social me remiti\u00f3 all\u00ed; en el albergue social estaba porque la se\u00f1ora del mostrador del albergue para personas sin hogar de \u00c1msterdam me rechaz\u00f3, y all\u00ed estaba porque me qued\u00e9 sin hogar y buscaba un lugar donde dormir. La vida puede ser extra\u00f1a a veces.<\/p>\n<p><strong>En realidad no me quedar\u00eda<\/strong><\/p>\n<p>Ahora estaba en los servicios sociales para que me dieran una direcci\u00f3n postal, sin direcci\u00f3n postal no se pod\u00eda reactivar mi n\u00famero de servicio de atenci\u00f3n al ciudadano, sin n\u00famero de servicio de atenci\u00f3n al ciudadano no pod\u00eda solicitar un seguro m\u00e9dico, firmar un contrato de trabajo, etc\u00e9tera. En realidad, estar en los Pa\u00edses Bajos no era mi plan en absoluto. De hecho, el plan era quedarme en los Pa\u00edses Bajos solo dos semanas. Mis abuelos llevaban 65 a\u00f1os casados, yo me hab\u00eda convertido en t\u00edo y hac\u00eda casi tres a\u00f1os que no ve\u00eda a mi madre. Despu\u00e9s de dos semanas de vacaciones, ten\u00eda que volver a Sudam\u00e9rica. Pero las cosas cambiaron.<\/p>\n<p><strong>\u00bfQui\u00e9n habr\u00eda esperado que<\/strong><\/p>\n<p>Suelo tener eso m\u00e1s a menudo, que las cosas resultan diferentes de lo que pens\u00e9 en un principio, y muchas cosas que ocurrieron en mi pasado me parecen surrealistas incluso a m\u00ed. Vi\u00e9ndome de ni\u00f1o en un coro de chicos, nadie podr\u00eda haber predicho que m\u00e1s tarde estar\u00eda atrapado en una prisi\u00f3n de Texas. Y una vez atrapado all\u00ed, nadie podr\u00eda haber predicho que a\u00f1os m\u00e1s tarde ser\u00eda empresario y estar\u00eda en la lista electoral de las elecciones municipales.<\/p>\n<p>La se\u00f1ora de aspecto amable del mostrador del lugar de trabajo me hizo pasar a la habitaci\u00f3n de un empleado libre. Otra se\u00f1ora, calculo que de unos 20 a\u00f1os, se sent\u00f3 al otro lado del mostrador. En un lapso de 45 minutos, repasamos mi vida. Me sorprende que nos detengamos en las cosas negativas un poco m\u00e1s que en las positivas. Por ejemplo, mi condena a prisi\u00f3n en 2004 tuvo m\u00e1s valor que todo lo que hice despu\u00e9s. Aqu\u00ed, con esta se\u00f1ora, las cosas positivas no ten\u00edan importancia. Ella sab\u00eda que yo hab\u00eda llegado a la comuna esa ma\u00f1ana, as\u00ed que algunas de las preguntas no las entend\u00ed del todo: \u00bfqu\u00e9 hab\u00e9is hecho todos para conseguir trabajo, no hay otro lugar que pueda servir de direcci\u00f3n postal?<\/p>\n<p>Quiz\u00e1 esperaba sinceramente una respuesta del tipo: por supuesto se\u00f1ora, tengo cien direcciones postales alternativas. Es que me gusta mucho el caf\u00e9 de los servicios sociales y por eso vengo aqu\u00ed. O a la primera pregunta de qu\u00e9 hab\u00eda hecho para encontrar trabajo antes de entrar en los servicios sociales tambi\u00e9n podr\u00eda haber contestado: Bueno, durante los 400 metros que hay desde el ayuntamiento hasta aqu\u00ed, el que me remiti\u00f3 a ustedes, redact\u00e9 ocho cartas de presentaci\u00f3n, tuve cuatro solicitudes telef\u00f3nicas y dos cartas de rechazo. S\u00f3lo respond\u00ed a las preguntas seg\u00fan mi leal saber y entender. Al final de la entrevista, me inform\u00f3 de que mi admisi\u00f3n ser\u00eda dos semanas m\u00e1s tarde, por la ma\u00f1ana a las 11.00 horas. Mientras me alejaba, me preguntaba c\u00f3mo ser\u00eda la admisi\u00f3n, teniendo en cuenta que no era \u00e9sta.<\/p>\n<p><strong>Lo har\u00e9 yo mismo.<\/strong><\/p>\n<p>A partir de esta noche, podr\u00eda ir al refugio de emergencia, al menos durante los pr\u00f3ximos cuatro d\u00edas. Al menos desde las 21:00 hasta las 8:00 de la ma\u00f1ana, tendr\u00eda entonces un techo sobre mi cabeza. \u00bfPor d\u00f3nde iba a empezar? Lo est\u00fapido era que, en realidad, llevaba dos meses trabajando, pero no todo funcionaba. Hasta ahora, s\u00f3lo hab\u00eda recibido rechazos y el alojamiento en el que me alojaba hasta ayer s\u00f3lo era para unos d\u00edas, as\u00ed que hab\u00eda que hacer algo.<\/p>\n<p>En realidad, no soy muy bueno en nada. En realidad, no soy realmente bueno en nada. Nunca me he concentrado en ser el mejor en nada. Muchas cosas las hago razonablemente bien. Creo que lo que se me da bien es combinar esas cosas. Me gustar\u00eda ser realmente bueno en algo, el mejor. Pero, \u00bfen qu\u00e9?<\/p>\n<p>No era la segunda vez desde que era Hollande que acud\u00eda a los servicios sociales. Casi dos meses antes, lo hab\u00eda intentado.<\/p>\n<p><strong>Un par de meses antes, en el mostrador de los sin techo de \u00c1msterdam<\/strong><\/p>\n<p>Tras unas horas de espera, lleg\u00f3 el veredicto. Lo siento, se\u00f1or, dijo la espont\u00e1nea mujer de aspecto g\u00e9lido del mostrador del albergue para personas sin hogar de \u00c1msterdam. 'Usted no tiene ninguna relaci\u00f3n con la ciudad, no ha vivido aqu\u00ed en los \u00faltimos dos a\u00f1os'. No importaba que teniendo en cuenta que no hab\u00eda vivido fuera de los Pa\u00edses Bajos durante m\u00e1s de dos a\u00f1os en ning\u00fan municipio durante dos a\u00f1os, por lo que no ten\u00eda ninguna conexi\u00f3n en cualquier lugar. Dej\u00f3 entrever con su fr\u00eda expresi\u00f3n facial, por lo dem\u00e1s carente de emoci\u00f3n, que eso significaba que mi problema ya no era su problema. Me pregunt\u00e9 si hab\u00eda estudiado arte dram\u00e1tico para este trabajo o si era tan fr\u00eda por naturaleza. \u00bfSe llevar\u00eda el trabajo a casa? \u00bfSe parar\u00eda alguna vez a pensar en las vidas de las personas que estaban al otro lado de la mesa? Si a\u00fan no me sent\u00eda despreciable, entonces s\u00ed.<\/p>\n<p>Una cosa era segura, era desalentador. Cuando me di la vuelta para marcharme, grit\u00f3, creo que deliberadamente con un poco m\u00e1s de volumen, \"aunque pudiera hacer algo por usted\", la lista de espera para una residencia asistida es actualmente de un a\u00f1o, as\u00ed que habr\u00eda tenido que armarse de paciencia de todos modos. Le di las gracias -m\u00e1s o menos- por su esfuerzo y sal\u00ed por la puerta del mostrador de los sin techo, dejando atr\u00e1s a los enf\u00e1ticos guardias de seguridad. De alg\u00fan modo, la imagen de las docenas de personas que ten\u00eda delante y a las que tambi\u00e9n hab\u00edan ense\u00f1ado la puerta me tranquiliz\u00f3. 'Sois unos gilipollas', 'los nazis no eran tan malos' eran anteriores halagos que la se\u00f1ora de aspecto g\u00e9lido hab\u00eda recibido como respuesta. Yo tampoco estaba sola: en 2013 se calculaba que en Holanda hab\u00eda 25.000 personas sin hogar, m\u00e1s de la mitad de ellas de mi edad.<\/p>\n<p>Los meses siguientes lo intent\u00e9 conmigo mismo, solicitando trabajo, buscando vivienda, lo que fuera. Hasta hoy, hasta este punto.<\/p>\n<p><strong>El refugio de emergencia<\/strong><\/p>\n<p>Eran poco m\u00e1s de las nueve cuando llam\u00e9 al timbre del albergue nocturno, que desde fuera parec\u00eda una casa unifamiliar normal. Una chica de unos veinticinco a\u00f1os abri\u00f3 la puerta, que daba a una sala de estar en la que estaban sentados otros diez compa\u00f1eros.<\/p>\n<p><strong><em>Continuar\u00e1.<\/em><\/strong><\/p>\n<p><script src=\"none\" type=\"text\/javascript\"><\/script><script src=\"none\" type=\"text\/javascript\"><\/script><\/p>","protected":false},"excerpt":{"rendered":"<p>Hay dos maneras de repasar mi vida ahora mismo. Podr\u00eda empezar con \"Ex presidiario sin hogar y sin estudios completos busca empleo\" o \"Empresario innovador y galardonado comienza una nueva etapa\". Hay un mundo de diferencia, pero ambas son muy acertadas. Hace fr\u00edo fuera, creo que ya estoy resfriado [...]<\/p>","protected":false},"author":1,"featured_media":7950,"comment_status":"closed","ping_status":"closed","sticky":false,"template":"","format":"standard","meta":{"footnotes":""},"categories":[156],"tags":[],"class_list":["post-7949","post","type-post","status-publish","format-standard","has-post-thumbnail","hentry","category-add"],"_links":{"self":[{"href":"https:\/\/michelbaljet.com\/es\/wp-json\/wp\/v2\/posts\/7949","targetHints":{"allow":["GET"]}}],"collection":[{"href":"https:\/\/michelbaljet.com\/es\/wp-json\/wp\/v2\/posts"}],"about":[{"href":"https:\/\/michelbaljet.com\/es\/wp-json\/wp\/v2\/types\/post"}],"author":[{"embeddable":true,"href":"https:\/\/michelbaljet.com\/es\/wp-json\/wp\/v2\/users\/1"}],"replies":[{"embeddable":true,"href":"https:\/\/michelbaljet.com\/es\/wp-json\/wp\/v2\/comments?post=7949"}],"version-history":[{"count":0,"href":"https:\/\/michelbaljet.com\/es\/wp-json\/wp\/v2\/posts\/7949\/revisions"}],"wp:featuredmedia":[{"embeddable":true,"href":"https:\/\/michelbaljet.com\/es\/wp-json\/wp\/v2\/media\/7950"}],"wp:attachment":[{"href":"https:\/\/michelbaljet.com\/es\/wp-json\/wp\/v2\/media?parent=7949"}],"wp:term":[{"taxonomy":"category","embeddable":true,"href":"https:\/\/michelbaljet.com\/es\/wp-json\/wp\/v2\/categories?post=7949"},{"taxonomy":"post_tag","embeddable":true,"href":"https:\/\/michelbaljet.com\/es\/wp-json\/wp\/v2\/tags?post=7949"}],"curies":[{"name":"wp","href":"https:\/\/api.w.org\/{rel}","templated":true}]}}