{"id":7956,"date":"2015-12-25T10:45:02","date_gmt":"2015-12-25T10:45:02","guid":{"rendered":"http:\/\/michelspekkers.nl\/?p=7956"},"modified":"2023-07-17T20:00:59","modified_gmt":"2023-07-17T20:00:59","slug":"de-la-nada-a-algo-3-mas-te-vale-estar-en-una-carcel","status":"publish","type":"post","link":"https:\/\/michelbaljet.com\/es\/de-la-nada-a-algo-3-mas-te-vale-estar-en-una-carcel\/","title":{"rendered":"de la nada a algo 3 m\u00e1s te vale estar en una c\u00e1rcel"},"content":{"rendered":"<p>A\u00fan es temprano cuando entro en el hospital Waterland. La se\u00f1ora de recepci\u00f3n asiente con la cabeza, reconoci\u00e9ndome y comprendi\u00e9ndome. A estas alturas, algunos en el hospital podr\u00edan pensar que trabajo all\u00ed, pero la se\u00f1ora de la recepci\u00f3n conoce mi situaci\u00f3n. El hospital es casi el \u00fanico lugar donde un indigente puede estar seco y caliente un domingo a primera hora de la ma\u00f1ana. La guarder\u00eda est\u00e1 cerrada y la biblioteca s\u00f3lo abre unas horas por la tarde.<\/p>\n\n\n\n<p>Geert ya me est\u00e1 esperando. Con un crucigrama delante, como es habitual en \u00e9l. Han cambiado de sitio la mesa de nuestros clientes habituales en el hospital. Para Navidad, hay actuaciones en el vest\u00edbulo del hospital durante unos d\u00edas seguidos. Tambi\u00e9n hay un piano de cola en el vest\u00edbulo del hospital; sigo esperando el d\u00eda en que, de la nada, como a veces ocurre en el CS de Amsterdam, surja un int\u00e9rprete con talento y toque las estrellas del cielo. Hasta ahora nos hemos tenido que conformar con un pianista de menos talento. Pero no podemos quejarnos. Nos sentamos aqu\u00ed calientes y secos todos los d\u00edas, y a eso de las 9.30 pasan los voluntarios con la furgoneta del caf\u00e9 para ofrecernos una taza de caf\u00e9 y preguntarnos c\u00f3mo estamos.<\/p>\n\n\n\n<p>Todos los d\u00edas, Geert pasa al menos dos horas en bicicleta. Una hora para llegar aqu\u00ed y otra para volver por la noche a su lugar de descanso en un edificio comercial del que casualmente a\u00fan tiene la llave. All\u00ed se cuela a altas horas de la noche, cuando todo el mundo se ha ido, para dormir en el suelo. Debido a su bocaza, ya no es bienvenido en el albergue nocturno, y desde entonces ha sido excluido del sistema de asistencia social de la regi\u00f3n.<\/p>\n\n\n\n<p><strong>Pensamiento conspirativo en los albergues para personas sin hogar<\/strong><\/p>\n\n\n\n<p>Es s\u00f3lo esperar a que la econom\u00eda repunte, entonces volver\u00e9 a ser el de antes en poco tiempo\", me dice Geert, casi con confianza. No es un aut\u00e9ntico Purmerender, sino un residente temporal aqu\u00ed porque su municipio no est\u00e1 entre los 43 municipios de los Pa\u00edses Bajos responsables de la acogida social. Purmerend s\u00ed. Dice que trabaj\u00f3 toda su vida, d\u00eda tras d\u00eda, hasta que lleg\u00f3 la crisis. El sector de la construcci\u00f3n se fue a pique. Ahora se pasa el d\u00eda haciendo crucigramas mientras reflexiona sobre la vida cotidiana. Habla regularmente conmigo para soltar su bilis sobre el municipio y las agencias, como un verdadero pensador de conspiraciones crea su visi\u00f3n de c\u00f3mo todo el mundo est\u00e1 contra \u00e9l.<\/p>\n\n\n\n<p>Tambi\u00e9n hay rumores conspirativos sobre m\u00ed en el albergue para indigentes. La gente dice que me ha contratado el diario de Holanda Septentrional, y otro peri\u00f3dico, quiz\u00e1 un programa de televisi\u00f3n, para escribir sobre esto. Pero tambi\u00e9n podr\u00eda ser la polic\u00eda, o una organizaci\u00f3n del propio albergue. He o\u00eddo por ah\u00ed que podr\u00eda convertirme en el nuevo Primer Ministro.<\/p>\n\n\n\n<p>Tomarse todo con pinzas es algo que aprend\u00ed r\u00e1pidamente aqu\u00ed. Pero puedo entender sus frustraciones: para m\u00ed, a diferencia de mis compa\u00f1eros, muchas cosas fueron como la seda. Mi empadronamiento en el municipio de Purmerend se arregl\u00f3 en pocos d\u00edas, mi prestaci\u00f3n social estaba en mi cuenta un d\u00eda despu\u00e9s de la aprobaci\u00f3n, y con car\u00e1cter retroactivo mi seguro m\u00e9dico tambi\u00e9n se arregl\u00f3 en poco tiempo. \u00bfPor qu\u00e9 me fue tan f\u00e1cil mientras que a otras personas con problemas similares les lleva meses o incluso a\u00f1os?<\/p>\n\n\n\n<p><strong>Los sin techo ganan dinero<\/strong><\/p>\n\n\n\n<p>El refugio nocturno de Purmerend no es m\u00e1s que un techo. No me malinterpreten: es un techo que agradezco todos los d\u00edas, pero en t\u00e9rminos de asesoramiento no hay que esperar nada de \u00e9l. Quien piense que la ayuda se ofrece inmediatamente se equivoca. Llevo aqu\u00ed unas semanas, pero no tendr\u00e9 mi primera entrevista de admisi\u00f3n hasta finales del mes que viene. Los que necesitan ayuda deben tener la fuerza, adem\u00e1s de paciencia, para no caer m\u00e1s en la decadencia.<\/p>\n\n\n\n<p>Proactivamente, pude encontrar algo de ayuda en la fundaci\u00f3n Brijder, por ejemplo, ellos s\u00ed ayudan aunque yo no tenga ninguna adicci\u00f3n. Del Centro de Acogida Social Purmerend, lo \u00fanico que obtuve hasta ahora fue una llamada telef\u00f3nica para decirme que estaba a punto de quedarme sin cama durante unas noches, porque hab\u00eda m\u00e1s solicitudes que camas, y que ten\u00eda una cita para una entrevista de admisi\u00f3n el 28 de enero. Dos meses en los que depend\u00ed de mi propia fuerza de voluntad e iniciativa. Aunque todav\u00eda me queda, veo a mi alrededor a mucha gente a la que le vendr\u00eda bien que le echaran una mano.<\/p>\n\n\n\n<p>El alojamiento regular de una persona sin hogar es caro. Si, tras a veces 10 meses de espera en Purmerend, te dan derecho a una peque\u00f1a habitaci\u00f3n donde puedes pasar un m\u00e1ximo de 8 meses, pagas unos 400 euros por ella. No tienes derecho a subsidio de alquiler. Un chico de aqu\u00ed que tiene un t\u00edtulo universitario me dijo que le sobrar\u00edan 45 euros al mes si cogiera una habitaci\u00f3n. De hecho, adem\u00e1s del alquiler, tiene que pagar sus deudas y su seguro. As\u00ed que para \u00e9l, el albergue de emergencia sigue siendo la mejor soluci\u00f3n, ya que s\u00f3lo le cuesta 150 euros al mes. Lo \u00fanico: si rechaza la habitaci\u00f3n provisional, deja de tener derecho al alojamiento de emergencia.<\/p>\n\n\n\n<p>El Centro de Acogida de Purmerend tambi\u00e9n recibe subvenciones, adem\u00e1s del dinero que obtienen del alquiler de habitaciones. En 2015, fueron m\u00e1s de 1,1 millones de euros del ayuntamiento. Los costes de alquiler de los locales son bajos o nulos, por ejemplo, el centro de acogida nocturno donde me alojo es una propiedad en demolici\u00f3n del municipio y la fundaci\u00f3n recibi\u00f3 recientemente m\u00e1s de 90.000 por encima de la subvenci\u00f3n normal para la renovaci\u00f3n de los locales. Del mismo modo, la Brijder recibi\u00f3 recientemente casi 175.000 euros extra para mantener la guarder\u00eda abierta unas horas m\u00e1s al d\u00eda durante el pr\u00f3ximo a\u00f1o.<\/p>\n\n\n\n<p>Se invierte mucho dinero en el negocio de los albergues para personas sin hogar. Pero no tengo claro ad\u00f3nde va ese dinero.<\/p>\n\n\n\n<p><strong>El hospital<\/strong><\/p>\n\n\n\n<p>Mientras hablo con Geert, otro sin techo desahuciado, en la mesa de registro de nuestro hospital, pienso en otro usuario del albergue nocturno que yace en una cama de hospital unos pisos m\u00e1s arriba. Antes le hab\u00edan rechazado por no tener seguro. Despu\u00e9s, lo que ten\u00eda se agrav\u00f3 tanto que acab\u00f3 en cuidados intensivos. Mientras tanto, le est\u00e1n ayudando, aunque todav\u00eda no saben qu\u00e9 le pasa. Pero las cosas estuvieron a punto de salir mal porque no ten\u00eda seguro. \u00bfHas intentado alguna vez conseguir un seguro si no tienes domicilio fijo ni ingresos?<\/p>\n\n\n\n<p>Mientras contin\u00faa con su rompecabezas del peri\u00f3dico, Geert sigue hablando: \"\u00bfConoces a Michel? En Holanda es mejor estar en la c\u00e1rcel que ser un sin techo. Al menos as\u00ed puedes estar seguro de que tienes una comida, una cama donde dormir y derecho a atenci\u00f3n m\u00e9dica. S\u00ed, Michel, es mejor estar en la c\u00e1rcel\".<\/p>\n\n\n\n<p>Y cuando he tenido un d\u00eda duro y estoy a punto de perder todo el valor, le doy la raz\u00f3n.<script src=\"none\" type=\"text\/javascript\"><\/script><script src=\"none\" type=\"text\/javascript\"><\/script><\/p>","protected":false},"excerpt":{"rendered":"<p>Sobre los caros sin techo, la maquinaria bien engrasada del ayuntamiento de Purmerend y los desesperantes tiempos de espera<\/p>","protected":false},"author":1,"featured_media":7958,"comment_status":"closed","ping_status":"closed","sticky":false,"template":"","format":"standard","meta":{"footnotes":""},"categories":[156],"tags":[],"class_list":["post-7956","post","type-post","status-publish","format-standard","has-post-thumbnail","hentry","category-add"],"_links":{"self":[{"href":"https:\/\/michelbaljet.com\/es\/wp-json\/wp\/v2\/posts\/7956","targetHints":{"allow":["GET"]}}],"collection":[{"href":"https:\/\/michelbaljet.com\/es\/wp-json\/wp\/v2\/posts"}],"about":[{"href":"https:\/\/michelbaljet.com\/es\/wp-json\/wp\/v2\/types\/post"}],"author":[{"embeddable":true,"href":"https:\/\/michelbaljet.com\/es\/wp-json\/wp\/v2\/users\/1"}],"replies":[{"embeddable":true,"href":"https:\/\/michelbaljet.com\/es\/wp-json\/wp\/v2\/comments?post=7956"}],"version-history":[{"count":0,"href":"https:\/\/michelbaljet.com\/es\/wp-json\/wp\/v2\/posts\/7956\/revisions"}],"wp:featuredmedia":[{"embeddable":true,"href":"https:\/\/michelbaljet.com\/es\/wp-json\/wp\/v2\/media\/7958"}],"wp:attachment":[{"href":"https:\/\/michelbaljet.com\/es\/wp-json\/wp\/v2\/media?parent=7956"}],"wp:term":[{"taxonomy":"category","embeddable":true,"href":"https:\/\/michelbaljet.com\/es\/wp-json\/wp\/v2\/categories?post=7956"},{"taxonomy":"post_tag","embeddable":true,"href":"https:\/\/michelbaljet.com\/es\/wp-json\/wp\/v2\/tags?post=7956"}],"curies":[{"name":"wp","href":"https:\/\/api.w.org\/{rel}","templated":true}]}}