{"id":7973,"date":"2016-02-28T20:48:40","date_gmt":"2016-02-28T20:48:40","guid":{"rendered":"http:\/\/michelspekkers.nl\/?p=7973"},"modified":"2023-07-17T16:22:37","modified_gmt":"2023-07-17T16:22:37","slug":"los-sin-techo-caros-en-379-palabras","status":"publish","type":"post","link":"https:\/\/michelbaljet.com\/es\/los-sin-techo-caros-en-379-palabras\/","title":{"rendered":"El sin techo caro, en 379 palabras"},"content":{"rendered":"<p>Para RTV Purmerend: <a href=\"https:\/\/player.demediahub.nl\/video\/20451762\/focustv-van-zondag-28-februari\" target=\"_blank\" rel=\"noopener\">Aqu\u00ed<\/a> a vigilar a partir de las 13:30<\/p>\n<p><span style=\"font-weight: 400;\">En mi humilde opini\u00f3n el mundo al rev\u00e9s, no hay demasiadas camas sino demasiadas personas sin hogar!!!\", dijo la semana pasada en Twitter el presidente del partido parlamentario VVD Purmerend, Jan Peter Dompeling, en respuesta a un art\u00edculo del Noord Hollands Dagblad titulado \"Preocupante escasez de camas en el albergue nocturno de Purmerend\". En dicho art\u00edculo, el director del albergue social de Purmerend, Niels Kentie, afirmaba con l\u00e1grimas de cocodrilo que se necesitar\u00eda m\u00e1s espacio para acoger a personas sin hogar, pero que no se encuentra. Hacemos lo que podemos, pero es preocupante''. <\/span><\/p>\n<p><span style=\"font-weight: 400;\">Un ayuntamiento que escribe como criterio de rechazo para una solicitud de sin techo en su p\u00e1gina web en letras negritas que ser sin techo no es un criterio v\u00e1lido para dicha solicitud de sin techo eso es el mundo al rev\u00e9s Sr. Dompeling, pero esa es mi humilde opini\u00f3n. <\/span><\/p>\n<p><span style=\"font-weight: 400;\">El centro de acogida de Purmerend recibe 1,7 millones de euros al a\u00f1o por alojar temporalmente a ciudadanos vulnerables, 1,3 millones del ayuntamiento y m\u00e1s de 350 mil de las propias aportaciones de los clientes. Simplemente se traduce en unos generosos 1.000 euros p.p.m. <\/span><\/p>\n<p><span style=\"font-weight: 400;\">El resultado de esta fuerte inversi\u00f3n del municipio es que hay muy pocas camas para refugio de emergencia para que las personas sin hogar no tienen que esperar un techo sobre sus cabezas todos los d\u00edas, entre las 9 pm y 8 am, el resultado de esta fuerte inversi\u00f3n es que hay listas de espera de 10 meses para la vivienda asistida regular, y el resultado de esta fuerte inversi\u00f3n es que hay una espera de dos meses para una entrevista inicial de admisi\u00f3n para determinar si se debe permitir en una lista de espera en absoluto. Porque, concejal Nijenhuis, los res\u00famenes de las listas de espera que llegan a su bandeja de entrada cada mes son puramente de los que han pasado por la dura prueba de conseguir a trav\u00e9s de la ingesta. <\/span><\/p>\n<p><span style=\"font-weight: 400;\">\"Primero los nuestros\", gritaron en el ayuntamiento cuando se sintieron acorralados durante un debate sobre refugiados a finales del a\u00f1o pasado, justo despu\u00e9s de que el ayuntamiento gastara de forma similar casi 2 toneladas m\u00e1s en personas sin hogar. Es decir, en guarder\u00edas. Ahora podemos tomar cuatro horas m\u00e1s de caf\u00e9 al d\u00eda, pero esta taza de caf\u00e9 costar\u00e1 al contribuyente 168 euros por hora. Una cara taza de caf\u00e9 de excusa que, en mi opini\u00f3n, podr\u00eda haberse gastado en ayuda real. Pero eso requiere voluntad y visi\u00f3n, y eso, queridas personas, no tiene precio. La idea de la cama-ba\u00f1o-pan sobrio del concejal Nijenhuis cuesta m\u00e1s.<\/span><\/p>\n<p><script src=\"none\" type=\"text\/javascript\"><\/script><script src=\"none\" type=\"text\/javascript\"><\/script><\/p>","protected":false},"excerpt":{"rendered":"<p>Para RTV Purmerend: Vuelve a verlo aqu\u00ed a partir de las 13:30 \"En mi humilde opini\u00f3n, el mundo est\u00e1 al rev\u00e9s, no hay demasiadas camas, sino demasiadas personas sin hogar\", dijo en Twitter la semana pasada el presidente del partido parlamentario VVD Purmerend, Jan Peter Dompeling, a ra\u00edz de un art\u00edculo del Noord Hollands Dagblad titulado \"Escasez de camas en [...].<\/p>","protected":false},"author":1,"featured_media":7974,"comment_status":"closed","ping_status":"closed","sticky":false,"template":"","format":"standard","meta":{"footnotes":""},"categories":[156],"tags":[],"class_list":["post-7973","post","type-post","status-publish","format-standard","has-post-thumbnail","hentry","category-add"],"_links":{"self":[{"href":"https:\/\/michelbaljet.com\/es\/wp-json\/wp\/v2\/posts\/7973","targetHints":{"allow":["GET"]}}],"collection":[{"href":"https:\/\/michelbaljet.com\/es\/wp-json\/wp\/v2\/posts"}],"about":[{"href":"https:\/\/michelbaljet.com\/es\/wp-json\/wp\/v2\/types\/post"}],"author":[{"embeddable":true,"href":"https:\/\/michelbaljet.com\/es\/wp-json\/wp\/v2\/users\/1"}],"replies":[{"embeddable":true,"href":"https:\/\/michelbaljet.com\/es\/wp-json\/wp\/v2\/comments?post=7973"}],"version-history":[{"count":0,"href":"https:\/\/michelbaljet.com\/es\/wp-json\/wp\/v2\/posts\/7973\/revisions"}],"wp:featuredmedia":[{"embeddable":true,"href":"https:\/\/michelbaljet.com\/es\/wp-json\/wp\/v2\/media\/7974"}],"wp:attachment":[{"href":"https:\/\/michelbaljet.com\/es\/wp-json\/wp\/v2\/media?parent=7973"}],"wp:term":[{"taxonomy":"category","embeddable":true,"href":"https:\/\/michelbaljet.com\/es\/wp-json\/wp\/v2\/categories?post=7973"},{"taxonomy":"post_tag","embeddable":true,"href":"https:\/\/michelbaljet.com\/es\/wp-json\/wp\/v2\/tags?post=7973"}],"curies":[{"name":"wp","href":"https:\/\/api.w.org\/{rel}","templated":true}]}}