{"id":8276,"date":"2016-06-30T15:40:40","date_gmt":"2016-06-30T15:40:40","guid":{"rendered":"http:\/\/michelspekkers.nl\/?p=8276"},"modified":"2023-07-17T15:50:21","modified_gmt":"2023-07-17T15:50:21","slug":"purmerend-spekkers-16-de-junio","status":"publish","type":"post","link":"https:\/\/michelbaljet.com\/es\/purmerend-spekkers-16-de-junio\/","title":{"rendered":"Columna: The Purmerend of Spekkers of June '16"},"content":{"rendered":"<p>La semana pasada tuvimos Reuring. Lo que una peque\u00f1a ciudad puede ser grande en. Fue un festival maravilloso. Me sorprendi\u00f3, en mi mente Reuring no era m\u00e1s que una etapa en el koemarkt, pero en el \u00ednterin, en los a\u00f1os de mi ausencia, result\u00f3 haber crecido hasta convertirse en un verdadero evento con m\u00faltiples etapas en diferentes lugares.<\/p>\n<p>M\u00e1s de 300 voluntarios colaboraron para que Reuring fuera un \u00e9xito. realmente fant\u00e1stico, pero siempre se puede mejorar. Por ejemplo, la organizaci\u00f3n fall\u00f3 totalmente a la hora de utilizar las redes sociales, y un mensaje de Reuring al grupo de voluntarios de ayer dej\u00f3 un regusto amargo.<\/p>\n<p>Uno de los iniciadores y trabajadores asalariados permanentes del reuring se mostr\u00f3 decepcionado por el n\u00famero de voluntarios que se hab\u00edan ocupado de limpiar y desbrozar el parque tras el evento en los \u00faltimos d\u00edas. 'El a\u00f1o que viene, esto tiene que ser diferente', dijo la fuerza asalariada. 'No s\u00f3lo las alegr\u00edas, sino tambi\u00e9n las cargas, compartir juntos', concluy\u00f3 su farragoso mensaje en el que se desahog\u00f3 sobre la escasez de voluntarios 'La fiesta final ya tiene un regusto desagradable para m\u00ed', afirm\u00f3. 'El domingo se acab\u00f3 el Reuring para el p\u00fablico. Pero tambi\u00e9n para la inmensa mayor\u00eda de los voluntarios. Un grupo demasiado reducido, que luego tuvo que desmontar y limpiarlo todo'.<\/p>\n<p>Aunque comprend\u00ed su pensamiento, me acord\u00e9 de los cientos de voluntarios, j\u00f3venes y mayores, que, como yo, hab\u00edan pasado un largo fin de semana en el campo. Que se hab\u00edan tomado tiempo libre para ayudar, que hab\u00edan pasado por todas las condiciones meteorol\u00f3gicas para que Reuring fuera un \u00e9xito. Voluntarios que, con o sin discapacidad, se metieron en el barro hasta los tobillos y que el lunes, tras el largo fin de semana de Reuring, volvieron a empezar una semana de trabajo normal. No s\u00f3lo las alegr\u00edas sino tambi\u00e9n las cargas sonaron un poco despectivas y desagradecidas con ese pensamiento de esta fuerza pagada, y esa Ariane, que me volvi\u00f3 a crear un regusto desagradable.<\/p>\n<p>Gente confundida. Tuvimos muchos de esos en Purmerend el mes pasado. Un coche bajo el agua en el muelle del canal. Una mujer que conduce un coche por encima de una esclusa de autob\u00fas, tras lo cual el coche se incendia por completo. Una mujer de 22 a\u00f1os que empieza a disparar a los j\u00f3venes con una carabina de aire comprimido porque no sabe leer con calma. Un hombre condenado a trabajos comunitarios por arrojar a su conejo al agua a principios de a\u00f1o \"porque supuestamente al conejo le encanta nadar\". Un chico que es detenido tras atropellar a un coche de polic\u00eda. Una mujer que se hace viral en youtube por volverse completamente loca en la estaci\u00f3n de Overwhere y un paciente que apu\u00f1al\u00f3 a enfermeras en el hospital de Waterland. Junio de 2016 el mes de la gente confusa en Purmerend.<\/p>\n<p>Pero no es de esa gente confundida de la que queremos hablarles hoy, sino del hombre confundido Arie-Wim Boer, que se perfila cada vez m\u00e1s como el peque\u00f1o dictador. Impensable de la pol\u00edtica Purmerend y nacionalmente -bajo el nombre de Arie-Wim Beer- la cara de la pol\u00edtica Purmerend.<\/p>\n<p>El mes pasado comenz\u00f3 un verdadero \u00e9xodo del partido de Arie-Wim. Primero dimiti\u00f3 el comisario Rob Klaucke, tras lo cual empezaron las acusaciones en Internet. Poco despu\u00e9s, Gert-Jan Hartog tambi\u00e9n dimiti\u00f3. Aunque apoyo bien la idea de Leefbaar Purmerend, estoy completamente harto de esta clase carnavalesca y de p\u00e1rvulos. Creo en una pol\u00edtica madura y respetuosa con los dem\u00e1s\", me dijo Hartog en una respuesta. Arie-Wim estaba bastante enfadado por la marcha de Klaucke y sobre todo por las formas. Hartog pidi\u00f3 a Arie-Wim que lo solucionara de otra manera, a lo que Arie-Wim se sinti\u00f3 poco inclinado. Para m\u00ed era o lo tomas o lo dejas\", me dice Hartog. As\u00ed que al final fue dejarlo. Hartog ya ten\u00eda previsto abandonar el partido a finales de a\u00f1o, pero el comportamiento de Boer no hizo m\u00e1s que acelerarlo. Seg\u00fan algunas voces del partido, las cosas siguen agit\u00e1ndose en el seno del partido de Boer.<\/p>\n<p>El sustituto de los miembros del comit\u00e9 fallecidos ser\u00e1 el n\u00famero 9 de la lista de candidatos de Leefbaar Purmerend. Chris Boer alias el hijo de Arie-Wim Boer que consigui\u00f3 21 votos en las \u00faltimas elecciones. Pronto entrar\u00e1 en el consejo. Todav\u00eda no, porque a\u00fan no ha cumplido los 18, pero en cuanto los cumpla, seguir\u00e1 los pasos de su padre y se unir\u00e1 a mam\u00e1 y pap\u00e1 en la mesa de la cocina del ayuntamiento. La mesa de la cocina de la familia Boer recibi\u00f3 fuertes cr\u00edticas en Internet. Por ejemplo, Van Meekeren, concejal de D66, tuite\u00f3: \"Un partido que puede tener a la familia sentada en el consejo en 2018. Creo que algo de eso y positivo no es...\".<\/p>\n<p>Lo de las familias en el ayuntamiento no es \u00fanico y tampoco entiendo el alboroto. Ya ha ocurrido antes en varias ciudades de los Pa\u00edses Bajos. \u00c1msterdam, por ejemplo, tuvo a la familia Bakker. Y las familias en la pol\u00edtica tambi\u00e9n han demostrado su val\u00eda fuera de Holanda. Por ejemplo, en Italia, donde Berlusconi y su familia han significado mucho para la poblaci\u00f3n local y el desarrollo. Pero en absoluto, si se mira la historia de la mafia y su imbricaci\u00f3n en la pol\u00edtica, se puede negar que fue una jugada inteligente de la cosa nostra meterse en pol\u00edtica como familia. Incluso en Venzuela, donde a la hija del difunto presidente Ch\u00e1vez -sin haber completado nunca una educaci\u00f3n ni haber tenido nunca un trabajo- se le permite ocupar un esca\u00f1o en el consejo de seguridad, se puede ver la utilidad de la familia. Le regalan un esca\u00f1o que en Holanda, tras 12 a\u00f1os de cabildeo, te costar\u00eda mucho conseguir.<\/p>\n<p>Una dictadura suele tener un car\u00e1cter antidemocr\u00e1tico. A menudo carecen de libertad de prensa, reprimen a opositores y disidentes, aplican la intimidaci\u00f3n y hacen cumplir sus propias leyes. Recorriendo un poco los titulares de Arie-Wim Boer, no puedo evitar reconocer varias cosas.<\/p>\n<p>Esta noche, por ejemplo, el consejo debate una queja oficial de varios escolares, entre ellos un menor que se sinti\u00f3 intimidado por Arie-Wim Boer. El grupo Liveable ha indicado que no participar\u00e1 en el debate de esta noche. \u00bfPor qu\u00e9 participar tambi\u00e9n en un debate tras un procedimiento oficial de denuncia en el que un organismo independiente ha investigado la denuncia y la ha declarado justificada? No es la primera vez que Arie-Wim Boer se ve comprometido, una y otra vez consigue convertir el ayuntamiento de Purmerend en una farsa.<\/p>\n<p>El problema de una dictadura suele ser la sucesi\u00f3n, pero en el caso de Arie-Wim Boer a\u00fan no tenemos que preocuparnos por eso. Lleva a\u00f1os preparando a su hijo, a\u00fan menor de edad, para la arena pol\u00edtica de Purmerend. La familia Boer, la dinast\u00eda casi real de la pol\u00edtica de Purmerend.<script src=\"none\" type=\"text\/javascript\"><\/script><script src=\"none\" type=\"text\/javascript\"><\/script><\/p>","protected":false},"excerpt":{"rendered":"<p>La semana pasada tuvimos Reuring. Lo que una peque\u00f1a ciudad puede ser grande en. Fue un festival maravilloso. Me sorprendi\u00f3, en mi mente Reuring no era m\u00e1s que una etapa en el koemarkt, pero en el \u00ednterin, en los a\u00f1os de mi ausencia, result\u00f3 haber crecido hasta convertirse en un verdadero evento con m\u00faltiples etapas en diferentes lugares.<\/p>","protected":false},"author":1,"featured_media":7950,"comment_status":"closed","ping_status":"closed","sticky":false,"template":"","format":"standard","meta":{"footnotes":""},"categories":[156],"tags":[],"class_list":["post-8276","post","type-post","status-publish","format-standard","has-post-thumbnail","hentry","category-add"],"_links":{"self":[{"href":"https:\/\/michelbaljet.com\/es\/wp-json\/wp\/v2\/posts\/8276","targetHints":{"allow":["GET"]}}],"collection":[{"href":"https:\/\/michelbaljet.com\/es\/wp-json\/wp\/v2\/posts"}],"about":[{"href":"https:\/\/michelbaljet.com\/es\/wp-json\/wp\/v2\/types\/post"}],"author":[{"embeddable":true,"href":"https:\/\/michelbaljet.com\/es\/wp-json\/wp\/v2\/users\/1"}],"replies":[{"embeddable":true,"href":"https:\/\/michelbaljet.com\/es\/wp-json\/wp\/v2\/comments?post=8276"}],"version-history":[{"count":0,"href":"https:\/\/michelbaljet.com\/es\/wp-json\/wp\/v2\/posts\/8276\/revisions"}],"wp:featuredmedia":[{"embeddable":true,"href":"https:\/\/michelbaljet.com\/es\/wp-json\/wp\/v2\/media\/7950"}],"wp:attachment":[{"href":"https:\/\/michelbaljet.com\/es\/wp-json\/wp\/v2\/media?parent=8276"}],"wp:term":[{"taxonomy":"category","embeddable":true,"href":"https:\/\/michelbaljet.com\/es\/wp-json\/wp\/v2\/categories?post=8276"},{"taxonomy":"post_tag","embeddable":true,"href":"https:\/\/michelbaljet.com\/es\/wp-json\/wp\/v2\/tags?post=8276"}],"curies":[{"name":"wp","href":"https:\/\/api.w.org\/{rel}","templated":true}]}}