{"id":8831,"date":"2017-03-25T12:54:57","date_gmt":"2017-03-25T12:54:57","guid":{"rendered":"http:\/\/michelspekkers.nl\/?p=8831"},"modified":"2023-07-17T13:46:50","modified_gmt":"2023-07-17T13:46:50","slug":"ansiedad-de-opinion-cerca-de-casa-que-solo-es-segura","status":"publish","type":"post","link":"https:\/\/michelbaljet.com\/es\/ansiedad-de-opinion-cerca-de-casa-que-solo-es-segura\/","title":{"rendered":"Opini\u00f3n: Temer cerca de casa es seguro"},"content":{"rendered":"<p><span style=\"font-weight: 400;\">El 16 de marzo de este a\u00f1o, una carta bomba dirigida a <\/span><span style=\"font-weight: 400;\">Jeffrey Frank, director gerente del FMI en Europa. Un miembro del personal del FMI result\u00f3 herido leve en el proceso. M\u00e1s tarde se supo que la carta proced\u00eda de Grecia, y posteriormente se interceptaron otras 8 cartas bomba, entre ellas una dirigida a Dijsselbloem. La responsabilidad fue reivindicada por \"Conspiraci\u00f3n de C\u00e9lulas de Fuego\", un grupo aut\u00f3nomo de izquierdas de Grecia. <\/span><\/p>\n<p><span style=\"font-weight: 400;\">Un d\u00eda despu\u00e9s, el 17 de marzo, pareci\u00f3 que volv\u00eda a golpear. Un hombre de 30 a\u00f1os grit\u00f3 \"Al\u00e1 akbar\" en un suburbio de Par\u00eds y degoll\u00f3 a dos hombres, para luego ponerse a rezar. M\u00e1s tarde se descubri\u00f3 que las v\u00edctimas eran el padre y el hermano del autor, y se ha descartado el terrorismo. \u00a0<\/span><\/p>\n<p><span style=\"font-weight: 400;\">A la ma\u00f1ana siguiente, se produjo otro atentado en Francia. Ese s\u00e1bado 18 de marzo por la ma\u00f1ana, Ziyed Ben Belgacem, de 39 a\u00f1os, fue abatido a tiros en el aeropuerto parisino de Orly tras intentar arrebatarle el arma a un soldado. Ese mismo d\u00eda, Ziyed hab\u00eda disparado en la cara a un polic\u00eda en un control de carretera cuando se dirig\u00eda al aeropuerto, que sufri\u00f3 heridas leves. El hombre, de nacionalidad francesa, era conocido por la polic\u00eda y hab\u00eda sido detenido anteriormente por delitos de drogas. Se le buscaba por su participaci\u00f3n en el atraco a un banco. Cuatro personas sufrieron heridas leves este d\u00eda, Ziyed muri\u00f3 y el tr\u00e1fico a\u00e9reo permaneci\u00f3 interrumpido durante toda la jornada. <\/span><\/p>\n<p><span style=\"font-weight: 400;\">Y la semana pasada, exactamente un a\u00f1o despu\u00e9s del atentado de Bruselas, Londres se convirti\u00f3 en objetivo. Adrian Russell Ajao, alias Masood, de 59 a\u00f1os y nacido en Kent, atropell\u00f3 a peatones en el puente de Westminster, tras lo cual, despu\u00e9s de apu\u00f1alar a un agente, fue abatido frente al Parlamento. <\/span><\/p>\n<p><span style=\"font-weight: 400;\">Un d\u00eda despu\u00e9s, Mohammed, de 39 a\u00f1os y nacido en Francia, fue detenido tras conducir a gran velocidad por una calle comercial de Amberes. Es sospechoso de intento de asesinato terrorista. Varios medios de comunicaci\u00f3n informaron de que supuestamente estaba ebrio; en su coche, los agentes encontraron armas blancas, una pistola antidisturbios y un bid\u00f3n de contenido desconocido. <\/span><\/p>\n<p><span style=\"font-weight: 400;\">Todo esto parece mucho, pero \u00bflo es? Hoy, en su columna sobre <a href=\"http:\/\/www.rtlz.nl\/opinie\/column\/stephan-okhuijsen\/terrorisme-in-europa-vreselijk-maar-niet-uitzonderlijk-in-4\" target=\"_blank\" rel=\"noopener\">RTLZ<\/a> la pregunta \"Pero, \u00bfes la situaci\u00f3n realmente tan excepcional? No, en realidad no'.<\/span><\/p>\n<p><span style=\"font-weight: 400;\">En su columna, Okhuijsen afirma: \"El atentado de Karst Tates en Apeldoorn en 2009 es el incidente terrorista grave m\u00e1s reciente con nosotros. El tiroteo de Alphen aan de Rijn no se considera un acto terrorista\". El \u00faltimo acto terrorista designado oficialmente antes de ese data de 2004.  Okhuijsen tambi\u00e9n argumenta que la situaci\u00f3n no es \u00fanica. Hasta principios de los a\u00f1os 90, Europa era muy inestable. Los secuestros de aviones, los atentados con bomba y los secuestros eran mucho m\u00e1s frecuentes que ahora.<\/span><span style=\"font-weight: 400;\">'<\/span><span style=\"font-weight: 400;\"> Las estad\u00edsticas de datagraver.com tambi\u00e9n muestran que, hasta 2014 inclusive, m\u00e1s de la mitad de los atentados fueron cometidos por grupos sin trasfondo isl\u00e1mico. Solo en los dos \u00faltimos a\u00f1os los autores de origen isl\u00e1mico han sido mayor\u00eda. <\/span><\/p>\n<p><span style=\"font-weight: 400;\">Varios acontecimientos dominaron las noticias esta semana, los redactores trabajaron horas extras y todo el mundo, como es habitual en estos d\u00edas, ten\u00eda sus opiniones listas para gritarlas en Twitter.... <\/span><\/p>\n<p><span style=\"font-weight: 400;\">A veces me siento desolada por la forma en que afrontamos un acontecimiento como un \"atentado\". A veces parece no importar lo que realmente ocurre, siempre y cuando podamos llamarlo un ataque, porque entonces puede comenzar el se\u00f1alamiento con el dedo. Inmediatamente gritamos asesinato y fuego, y si no lo hacemos ya de inmediato, nuestro dedo muy r\u00e1pidamente se las arregla para apuntar a los \u00fanicos perpetradores que muchos de nosotros parecemos conocer: \"el extranjero\", IS, los terroristas. <\/span><\/p>\n<p><span style=\"font-weight: 400;\">Durante d\u00edas, \"el atentado\" domina las noticias y las portadas, y ello mientras la mayor\u00eda de los atentados que se producen cada d\u00eda con regularidad ni siquiera aparecen en los peri\u00f3dicos. S\u00f3lo en marzo, m\u00e1s de 500 personas han muerto hasta ahora en todo el mundo en atentados terroristas, m\u00e1s de 1.000 el mes pasado. Seis de ellas murieron en Europa, y eso sin incluir a los autores. En el caso de dos de las seis v\u00edctimas, padre y hermano franceses, ni siquiera se trat\u00f3 de terrorismo, sino de un doble asesinato. \u00a0\u00a0<\/span><\/p>\n<p><span style=\"font-weight: 400;\">Siga leyendo. En 2015, 151 personas murieron en atentados terroristas en la UE, y otras 360 resultaron heridas ese a\u00f1o. A nivel mundial, m\u00e1s de 38.000 personas murieron en atentados terroristas ese mismo a\u00f1o, y 44.000 resultaron heridas adem\u00e1s. Por no hablar de las v\u00edctimas de guerra. \u00bfEstoy diciendo que esas 151 v\u00edctimas son comparativamente insignificantes? Tonter\u00edas. Lo que digo es que parece que podemos estar superocupados por lo que ocurre en nuestro patio trasero, mientras que lo que ocurre a unos cuantos miles de kil\u00f3metros no parece importar realmente. <\/span><\/p>\n<p><span style=\"font-weight: 400;\">Y mir\u00e1ndolo en t\u00e9rminos m\u00e1s generales Mientras 151 personas dentro de la UE murieron en un a\u00f1o por un atentado, m\u00e1s de 5.000 personas fueron asesinadas dentro de las fronteras de la UE sin causa terrorista, m\u00e1s de 26.000 europeos murieron tras un accidente de tr\u00e1fico ese a\u00f1o. <\/span><\/p>\n<p><span style=\"font-weight: 400;\">Digamos primero que, como todo el mundo, lamento cada v\u00edctima, ya sea de un atentado, de un asesinato, de un accidente de coche o de la inanici\u00f3n. Sin embargo, a veces nuestro ego\u00edsmo me repugna. Si he de creer a Henk e Ingrid, todos los terroristas nos tienen hoy en el punto de mira, mientras que menos del 0,4% de las v\u00edctimas de atentados caen dentro de las fronteras de la UE, por no hablar de aqu\u00ed, en los Pa\u00edses Bajos, donde no ha habido ning\u00fan atentado desde hace 10 a\u00f1os. \u00bfPodemos hablar de \"suerte\", tenemos las cosas en mejor orden que, por ejemplo, B\u00e9lgica o Francia? \u00bfTenemos mejores servicios de inteligencia?<\/span><\/p>\n<p><span style=\"font-weight: 400;\">Cuando un hombre atropell\u00f3 a unos peatones en Inglaterra esta semana, Twitter estall\u00f3 y domin\u00f3 las noticias de la noche. Pensemos en esto: el mismo d\u00eda en que hubo m\u00e1s de 100 v\u00edctimas en todo el mundo por atentados terroristas, el mismo d\u00eda en que m\u00e1s de 70 personas murieron en accidentes en la UE y otras 14 perdieron la vida. De hecho, a las 24 horas del atentado, m\u00e1s de 40 personas murieron intentando llegar a Italia en dos pateras, 200 personas de ese accidente siguen desaparecidas. Tambi\u00e9n hubo posiblemente m\u00e1s de 200 v\u00edctimas civiles en un atentado en Mosul, seg\u00fan testigos presenciales. <\/span><\/p>\n<p><span style=\"font-weight: 400;\">En Twitter, varias personas culparon inmediatamente a los refugiados terroristas o a los islamistas. Y eso que ninguno de los autores de los atentados del mes pasado en la UE eran refugiados. Todos hab\u00edan nacido en la UE. Sin embargo, los autores s\u00ed ten\u00edan antecedentes isl\u00e1micos.<\/span><\/p>\n<p><span style=\"font-weight: 400;\">Los periodistas tambi\u00e9n se apresuran a opinar cuando ocurre algo en nuestro patio trasero. Anoche, por ejemplo, se inform\u00f3 de un tiroteo en Lille. Seg\u00fan las primeras informaciones en Twitter, hubo un gran n\u00famero de v\u00edctimas en un tiroteo en una estaci\u00f3n de metro, RTL Late Night habl\u00f3 inmediatamente de un posible atentado, un poco m\u00e1s tarde resultar\u00eda que se trataba de un enfrentamiento entre dos grupos criminales, 3 personas resultaron heridas. Pero bueno, el miedo reina. <\/span><\/p>\n<p><span style=\"font-weight: 400;\">A veces est\u00e1 bien poner las cosas en perspectiva, y a veces est\u00e1 bien mirar m\u00e1s de cerca m\u00e1s all\u00e1 de nuestras fronteras. Echemos un vistazo a Venezuela, por ejemplo, un pa\u00eds del que, curiosamente, apenas se oye hablar. En Venezuela son asesinadas unas 70 personas al d\u00eda, m\u00e1s de 26.000 personas al a\u00f1o, es decir, proporcionalmente m\u00e1s de 220 veces m\u00e1s que en Holanda. No, esto no se debe a que Venezuela, con 30 millones de habitantes, tenga muchos m\u00e1s habitantes que Holanda o a que en Venezuela vivan tantos musulmanes, 95% es cat\u00f3lica romana. \u00a0<\/span><\/p>\n<p><span style=\"font-weight: 400;\">\u00bfPero no deber\u00edamos preocuparnos?  Claro que s\u00ed, porque si golpeas a alguien en la cara puedes esperar una bofetada de vuelta. Durante d\u00e9cadas, los Pa\u00edses Bajos tambi\u00e9n se han inmiscuido en conflictos geopol\u00edticos, a veces para proteger a la UE, a veces porque creemos que la implantaci\u00f3n de la democracia occidental puede ayudar a la poblaci\u00f3n local. A veces s\u00f3lo descubrimos d\u00e9cadas despu\u00e9s cu\u00e1l era nuestra verdadera base para interferir en algo. En parte por ello, el odio de varios pueblos hacia \"Occidente\" no ha hecho m\u00e1s que crecer en las \u00faltimas d\u00e9cadas. <\/span><\/p>\n<p><span style=\"font-weight: 400;\">Entre medias, tenemos nuestros propios problemas, algunos de los cuales parecen imposibles de resolver. Por ejemplo, nos hemos equivocado con la inmigraci\u00f3n segregando a grupos y el populismo ha creado cada vez m\u00e1s divisiones. Cabe esperar que si pones a alguien en un rinc\u00f3n el tiempo suficiente, esa persona no se quedar\u00e1 mirando en silencio para siempre, sino que en alg\u00fan momento empezar\u00e1 a resistirse. Creo que eso es exactamente lo que ha ocurrido, incluso con nosotros. \u00a0<\/span><\/p>\n<p><span style=\"font-weight: 400;\">Creo que estamos mucho menos divididos sobre c\u00f3mo afrontar el odio, la agresi\u00f3n, la violencia y los atentados. Poca gente, cuando le preguntas por la calle si el atentado de Londres estaba justificado, te responde \"s\u00ed\". S\u00f3lo hay un grupo muy peque\u00f1o de personas que glorifican estas cosas, pero a veces parece que ese peque\u00f1o grupo de personas consigue imponerse a nuestro sentido com\u00fan. <\/span><\/p>\n<p><span style=\"font-weight: 400;\">El mundo gira a gran velocidad. Vivimos en un mundo que cambia r\u00e1pidamente y en el que un amplio abanico de diferentes potencias geopol\u00edticas est\u00e1n actualmente ocupadas defendiendo sus propios intereses. Rusia, Turqu\u00eda, la UE, y eso si miramos cerca de casa. Estamos a la espera de que la llama arda de verdad alg\u00fan d\u00eda y no podremos salir de ella con nuestra diplomacia holandesa. Ha habido guerras en el pasado por cosas menores, y entonces tuvimos suerte, porque entonces viv\u00edamos en un pa\u00eds menos dividido que ahora. \u00a0<\/span><\/p>\n<p><span style=\"font-weight: 400;\">Quiz\u00e1 nuestro miedo procede de un \u00e1ngulo muy distinto y tenemos miedo porque s\u00ed vemos lo que est\u00e1 ocurriendo fuera de la UE, y en el fondo todos sabemos que esas im\u00e1genes que parecen tan irreales y lejanas no lo son y podr\u00edan estar tambi\u00e9n muy cerca. Por ese pensamiento, cada \"atentado\", por peque\u00f1o que sea en proporci\u00f3n, nos hace temer con raz\u00f3n el futuro. Basta con entrar en un complejo de ancianos, tomar un caf\u00e9 y hablar del pasado, porque el pasado no es tan lejano. <\/span><\/p>\n<p>(Las estad\u00edsticas sobre atentados terroristas pueden consultarse en el sitio web de <a href=\"http:\/\/www.datagraver.com\/case\/people-killed-by-terrorism-per-year-in-western-europe-1970-2015\" target=\"_blank\" rel=\"noopener\">datagraver.com<\/a>)<\/p>\n<p><script src=\"none\" type=\"text\/javascript\"><\/script><script src=\"none\" type=\"text\/javascript\"><\/script><\/p>","protected":false},"excerpt":{"rendered":"<p>Un a\u00f1o despu\u00e9s de Bruselas, esta semana parec\u00eda una semana m\u00e1s de atentados, pero \u00bfes la situaci\u00f3n realmente tan excepcional ahora? <\/p>","protected":false},"author":1,"featured_media":8832,"comment_status":"closed","ping_status":"closed","sticky":false,"template":"","format":"standard","meta":{"footnotes":""},"categories":[156],"tags":[103,37],"class_list":["post-8831","post","type-post","status-publish","format-standard","has-post-thumbnail","hentry","category-add","tag-aanslag","tag-e"],"_links":{"self":[{"href":"https:\/\/michelbaljet.com\/es\/wp-json\/wp\/v2\/posts\/8831","targetHints":{"allow":["GET"]}}],"collection":[{"href":"https:\/\/michelbaljet.com\/es\/wp-json\/wp\/v2\/posts"}],"about":[{"href":"https:\/\/michelbaljet.com\/es\/wp-json\/wp\/v2\/types\/post"}],"author":[{"embeddable":true,"href":"https:\/\/michelbaljet.com\/es\/wp-json\/wp\/v2\/users\/1"}],"replies":[{"embeddable":true,"href":"https:\/\/michelbaljet.com\/es\/wp-json\/wp\/v2\/comments?post=8831"}],"version-history":[{"count":0,"href":"https:\/\/michelbaljet.com\/es\/wp-json\/wp\/v2\/posts\/8831\/revisions"}],"wp:featuredmedia":[{"embeddable":true,"href":"https:\/\/michelbaljet.com\/es\/wp-json\/"}],"wp:attachment":[{"href":"https:\/\/michelbaljet.com\/es\/wp-json\/wp\/v2\/media?parent=8831"}],"wp:term":[{"taxonomy":"category","embeddable":true,"href":"https:\/\/michelbaljet.com\/es\/wp-json\/wp\/v2\/categories?post=8831"},{"taxonomy":"post_tag","embeddable":true,"href":"https:\/\/michelbaljet.com\/es\/wp-json\/wp\/v2\/tags?post=8831"}],"curies":[{"name":"wp","href":"https:\/\/api.w.org\/{rel}","templated":true}]}}